{"id":2654,"date":"2006-12-01T00:00:00","date_gmt":"2006-11-30T23:00:00","guid":{"rendered":"https:\/\/wp.muchomaas.com\/cheres-clementine-marie-george2654\/"},"modified":"2006-12-01T00:00:00","modified_gmt":"2006-11-30T23:00:00","slug":"cheres-clementine-marie-george2654","status":"publish","type":"post","link":"https:\/\/archives.regards.fr\/?p=2654","title":{"rendered":"Ch\u00e8res Cl\u00e9mentine, Marie-George, S\u00e9gol\u00e8ne, Arlette, Dominique, H\u00e9l\u00e8ne&#8230;"},"content":{"rendered":"<p>Par Ivan Sigg (artiste peintre et \u00e9crivain).<\/p>\n<p>Ch\u00e8re Pr\u00e9sidente, <\/p>\n<p>Je m&#8217;adresse \u00e0 toi avec les outils du peintre\/\u00e9crivain, avec le regard d\u00e9cal\u00e9 de celui qui veut donner \u00e0 voir ce qu&#8217;on ne voit plus.<\/p>\n<p>Te d\u00e9finir contre ou anti ou par rapport ou \u00e0 gauche de, c&#8217;est figer ton regard. C&#8217;est d\u00e9j\u00e0 ne plus \u00eatre en mouvement. Or pour \u00eatre entendu il faut \u00eatre dans la vie, c&#8217;est-\u00e0-dire dans le mouvement qui est partout, en nous et autour de nous.<\/p>\n<p>\u00ab Tant que nous luttons contre une chose, nous lui donnons plein pouvoir sur nous-m\u00eame, autant de pouvoir que celui que l&#8217;on utilise pour lutter contre elle. \u00bb Les arts martiaux, la cr\u00e9ation artistique, la psychanalyse et le sage \u00e9veill\u00e9 nous enseignent la m\u00eame chose : toujours \u00eatre en mouvement pour ne pas donner prise, pour que rien ne se p\u00e9trifie ou m\u00eame se brise. Faire de \u00ab l&#8217;ennemi \u00bb, de la contrainte ou de l&#8217;accident, un tremplin, une chance d&#8217;\u00e9volution.<\/p>\n<p>Donc, ne pas donner prise au lib\u00e9ralisme en te disant antilib\u00e9rale car alors, c&#8217;est ce syst\u00e8me qui t&#8217;agit. Toutes tes actions d\u00e9coulent de son fonctionnement, et ton libre-arbitre se scl\u00e9rose. Le capitalisme n&#8217;est pas ton ennemi. Observe-le bien. Il fait partie de la solution. Nous sommes le syst\u00e8me. Observons-nous bien. Nous sommes notre propre ennemi.<\/p>\n<p>\u00ab Qu&#8217;est-ce qui nous relie ? \u00bb<\/p>\n<p>Ce n&#8217;est pas \u00ab le combat \u00bb, \u00ab la radicalit\u00e9 \u00bb, \u00ab l&#8217;antilib\u00e9ralisme \u00bb, \u00ab la mis\u00e8re \u00bb, \u00ab l&#8217;altermondialisme \u00bb, \u00ab l&#8217;\u00e9cologie \u00bb, \u00ab le communisme \u00bb ou \u00ab le socialisme \u00bb. Ce qui nous relie, c&#8217;est notre condition humaine, notre langage, nos d\u00e9sirs, notre imaginaire, notre capacit\u00e9 \u00e0 nous \u00e9tonner, nos \u00e9motions, nos col\u00e8res, notre quotidien, nos rires, nos pleurs, notre capacit\u00e9 \u00e0 nous repr\u00e9senter, notre pass\u00e9.<\/p>\n<p>Qu&#8217;est-ce qui nous rassemble autour de toi, madame la Pr\u00e9sidente ? C&#8217;est la n\u00e9cessit\u00e9 de remettre en mouvement ce qui s&#8217;est fig\u00e9 : notre langage, notre regard et notre d\u00e9sir.<\/p>\n<p>\u00ab Etre jeune et femme \u00bb est au contraire un programme r\u00e9volutionnaire en France aujourd&#8217;hui !<\/p>\n<p>\u00ab L&#8217;individu ne doit pas se mettre en avant tout en ne disparaissant pas au profit du collectif \u00bb ? Plus on exprime l&#8217;essence intime de l&#8217;\u00eatre plus on touche \u00e0 ce qui nous fait ou nous relie tous. Alors offre-nous ton originalit\u00e9, ton humour, ta personnalit\u00e9 vivante. Parle-nous uniquement avec ta richesse int\u00e9rieure, avec un \u00ab Je \u00bb fort de tous les \u00ab Je \u00bb.<\/p>\n<p>Est-ce le lib\u00e9ralisme qui nous ali\u00e8ne, comme tu le dis ? Non, c&#8217;est notre ignorance, nos manques, nos aveuglements, nos croyances, notre d\u00e9sir de pouvoir, nos pulsions de mort, nos pulsions sexuelles.<\/p>\n<p>Es-tu pr\u00eate \u00e0 changer de paradigme ? Ce ne serait pas changer les mots pour en prendre d&#8217;autres.<\/p>\n<p>Ce serait \u00e9couter les mots des jeunes, des femmes, des \u00e9trangers, des sages, des anciens pour porter et diffuser cette parole. Si les gens se sentent \u00e9cout\u00e9s, ils modifieront leur attitude et pourront alors rena\u00eetre \u00e0 eux-m\u00eames et \u00e0 la citoyennet\u00e9.<\/p>\n<p>Alors plut\u00f4t qu&#8217;un combat je te sugg\u00e8re d&#8217;initier une subversion joyeuse, un r\u00e9\u00e9merveillement du r\u00e9el.<\/p>\n<p>Ce serait l\u00e0 une vraie r\u00e9volution. Elle est \u00e0 faire maintenant car elle deviendra impossible lorsque tu seras prise en tenaille entre les attentes des militants et les contraintes du pouvoir.<\/p>\n<p>Madame la Pr\u00e9sidente, auras-tu l&#8217;audace d&#8217;annoncer \u00ab Je ne veux pas changer les choses, je veux les comprendre. Je ne veux pas vous changer, je veux vous \u00e9couter. Je ne veux pas changer le syst\u00e8me \u00e9conomique qui r\u00e9git nos \u00e9changes, je veux le comprendre. \u00bb Ce serait une attitude in\u00e9dite et r\u00e9volutionnaire.<\/p>\n<p>Changer le monde ? Pourquoi ne pas commencer par se changer soi-m\u00eame ? Comment ? Par l&#8217;observation et la compr\u00e9hension. Sans juger, sous peine de ne pas saisir la complexit\u00e9 du mouvement des choses. On ne peut pas comprendre ce que l&#8217;on approuve ou d\u00e9sapprouve. Il s&#8217;agit de dire ce que l&#8217;on voit sans le moindre d\u00e9sir de changer ce qui est. Le jour o\u00f9 l&#8217;on est capable d&#8217;adopter cette attitude, le changement se produit de lui-m\u00eame, nul besoin de le susciter.<\/p>\n<p>Voil\u00e0. Si tu partages cet \u00e9tat d&#8217;esprit, alors tu es ma pr\u00e9sidente. Sinon, je retourne \u00e0 ma peinture et mon \u00e9criture qui auront plus de chance de d\u00e9ciller les regards que toutes les \u00ab politiques \u00bb d\u00e9j\u00e0 vues.<\/p>\n<p>Artistiquement v\u00f4tre.   I.S.<\/p>\n<p>Le j\u00e9suite indien, psychoth\u00e9rapeute et philosophe, Anthony de Mello (1931-1987) m&#8217;a aid\u00e9 \u00e0 \u00e9claircir ma pens\u00e9e pour t&#8217;\u00e9crire cette lettre.<\/p>\n","protected":false},"excerpt":{"rendered":"<p>Par Ivan Sigg (artiste peintre et \u00e9crivain). Ch\u00e8re Pr\u00e9sidente, Je m&#8217;adresse \u00e0 toi avec les outils du peintre\/\u00e9crivain, avec le regard d\u00e9cal\u00e9 de celui qui veut donner \u00e0 voir ce qu&#8217;on ne voit plus. Te d\u00e9finir contre ou anti ou par rapport ou \u00e0 gauche de, c&#8217;est figer ton regard. C&#8217;est d\u00e9j\u00e0 ne plus \u00eatre [&hellip;]<\/p>\n","protected":false},"author":1,"featured_media":0,"comment_status":"open","ping_status":"open","sticky":false,"template":"","format":"standard","meta":{"_themeisle_gutenberg_block_has_review":false,"footnotes":""},"categories":[141],"tags":[290],"class_list":["post-2654","post","type-post","status-publish","format-standard","hentry","category-archives-web","tag-elections"],"_links":{"self":[{"href":"https:\/\/archives.regards.fr\/index.php?rest_route=\/wp\/v2\/posts\/2654","targetHints":{"allow":["GET"]}}],"collection":[{"href":"https:\/\/archives.regards.fr\/index.php?rest_route=\/wp\/v2\/posts"}],"about":[{"href":"https:\/\/archives.regards.fr\/index.php?rest_route=\/wp\/v2\/types\/post"}],"author":[{"embeddable":true,"href":"https:\/\/archives.regards.fr\/index.php?rest_route=\/wp\/v2\/users\/1"}],"replies":[{"embeddable":true,"href":"https:\/\/archives.regards.fr\/index.php?rest_route=%2Fwp%2Fv2%2Fcomments&post=2654"}],"version-history":[{"count":0,"href":"https:\/\/archives.regards.fr\/index.php?rest_route=\/wp\/v2\/posts\/2654\/revisions"}],"wp:attachment":[{"href":"https:\/\/archives.regards.fr\/index.php?rest_route=%2Fwp%2Fv2%2Fmedia&parent=2654"}],"wp:term":[{"taxonomy":"category","embeddable":true,"href":"https:\/\/archives.regards.fr\/index.php?rest_route=%2Fwp%2Fv2%2Fcategories&post=2654"},{"taxonomy":"post_tag","embeddable":true,"href":"https:\/\/archives.regards.fr\/index.php?rest_route=%2Fwp%2Fv2%2Ftags&post=2654"}],"curies":[{"name":"wp","href":"https:\/\/api.w.org\/{rel}","templated":true}]}}