{"id":2648,"date":"2006-12-01T00:00:00","date_gmt":"2006-11-30T23:00:00","guid":{"rendered":"https:\/\/wp.muchomaas.com\/devant-la-tele-l-arene-de-france2648\/"},"modified":"2006-12-01T00:00:00","modified_gmt":"2006-11-30T23:00:00","slug":"devant-la-tele-l-arene-de-france2648","status":"publish","type":"post","link":"https:\/\/archives.regards.fr\/?p=2648","title":{"rendered":"Devant la t\u00e9l\u00e9 : l&#8217;ar\u00e8ne de france, foire d&#8217;empoigne"},"content":{"rendered":"<p>Faire partie d&#8217;un camp. Ou d&#8217;un autre. R\u00e9pondre \u00ab oui \u00bb ou \u00ab non \u00bb. Avoir un avis sur tout. Et bien arr\u00eat\u00e9, s&#8217;il vous pla\u00eet. Pas de chichi. Pas d&#8217;h\u00e9sitation. Ne soyez pas des intellos, non, les intellos passent pour des cons \u00e0 trop se poser des questions. De \u00ab Faut-il croire aux ph\u00e9nom\u00e8nes inexpliqu\u00e9s ? \u00bb \u00e0 \u00ab Les vieux doivent-ils laisser la place aux jeunes ? \u00bb en passant par \u00ab L&#8217;homme menace-t-il la plan\u00e8te ? \u00bb, voil\u00e0 des vrais sujets, bien lourds, bien balanc\u00e9s, provocateurs en diable. Faciles \u00e0 gober, comme cacahu\u00e8te au caf\u00e9 du Commerce. De ces sujets de soci\u00e9t\u00e9 qui \u00ab touchent les Fran\u00e7ais \u00bb. Avec l&#8217;Ar\u00e8ne de France, tous les mercredis en deuxi\u00e8me partie de soir\u00e9e sur France 2, St\u00e9phane Bern nous entra\u00eene dans le monde merveilleux des discussions st\u00e9riles, de l&#8217;\u00e9loquence bon march\u00e9, des saillies vides de sens et des disputes m\u00eame pas dr\u00f4les. Quelque part entre \u00ab Ciel, mon mardi \u00bb et \u00ab C&#8217;est mon choix \u00bb.<\/p>\n<p>Le principe de l&#8217;\u00e9mission est simple. Deux \u00ab \u00e9quipes \u00bb, constitu\u00e9es de personnalit\u00e9s qui ont parfois un rapport avec le th\u00e8me abord\u00e9 (on a vu en septembre dernier l&#8217;humoriste Christophe Al\u00e9v\u00eaque soutenir mordicus qu&#8217;il fallait \u00ab enfermer les psys \u00bb et le chanteur Francis Lalanne d\u00e9fendre \u00ab les privil\u00e8ges \u00bb en France), s&#8217;affrontent \u00ab dans un feu d&#8217;artifice d&#8217;\u00e9loquence \u00bb (c&#8217;est le slogan de l&#8217;\u00e9mission). Dans chaque \u00e9quipe, un avocat, un vrai, commence par plaider la th\u00e8se d\u00e9fendue par son camp, sur le mod\u00e8le des joutes organis\u00e9es \u00e0 la conf\u00e9rence du stage du barreau de Paris. \u00ab L&#8217;\u00e9loquence et la pr\u00e9sence d&#8217;avocats donnent certes un peu d&#8217;originalit\u00e9 \u00e0 ce programme, commente-t-on chez Carat TV. Mais c&#8217;est anecdotique. Nous n&#8217;avons pas affaire \u00e0 un nouveau concept d&#8217;\u00e9mission, c&#8217;est le moins que l&#8217;on puisse dire. \u00bb Et apr\u00e8s les avocats, place au \u00ab d\u00e9bat \u00bb.<\/p>\n<p>L&#8217;objectif des deux \u00e9quipes : ramener dans leur camp la majorit\u00e9 du public, qui vote gr\u00e2ce \u00e0 un bo\u00eetier t\u00e9l\u00e9command\u00e9. Le mercredi 27 septembre, \u00ab Faut-il donner tous les droits aux homos ? \u00bb La question est \u00e9pineuse et le d\u00e9bat flirte tout du long avec le beaucoup plus simple \u00ab Pour ou contre les p\u00e9d\u00e9s ? \u00bb Le camp du non le clame d&#8217;embl\u00e9e, par la voix de son avocat : \u00ab Les homosexuels n&#8217;ont pas tous les droits, parce qu&#8217;\u00e9trangement, la nature en a d\u00e9cid\u00e9 autrement&#8230; \u00bb Tonnerre d&#8217;applaudissements, que voil\u00e0 un argument constructif ! De toute fa\u00e7on, le public est d\u00e9j\u00e0 conquis. Avant le d\u00e9bat, il r\u00e9pond \u00ab non \u00bb \u00e0 la question \u00e0 61 %. Et apr\u00e8s le d\u00e9bat ? C&#8217;est toujours \u00ab non \u00bb, \u00e0 58 %. On se demande \u00e0 quoi \u00e7a sert de discuter&#8230;<\/p>\n<p>\u00ab Cette \u00e9mission, c&#8217;est la vie, l&#8217;\u00e9change d&#8217;arguments de mauvaise foi comme entre copains \u00bb, notait, fin octobre, Eric Stemmelen, directeur de l&#8217;harmonisation et de la programmation sur France 2. D&#8217;apr\u00e8s certaines mauvaises langues, monseigneur Di Falco, invit\u00e9 le 25 octobre dernier pour \u00ab Peut-on critiquer les religions ? \u00bb, aurait apr\u00e8s coup manifest\u00e9 son m\u00e9contentement d&#8217;avoir \u00e9t\u00e9 plac\u00e9 d&#8217;office dans le camp du \u00ab non \u00bb, sans m\u00eame avoir \u00e9t\u00e9 consult\u00e9 par les \u00ab copains \u00bb. \u00ab On se demande bien pourquoi l&#8217;Ar\u00e8ne de France est diffus\u00e9e sur France 2 et pas sur TF1 dont elle reprend tous les codes habituels : pol\u00e9miques, faux d\u00e9bats, multiplication des invit\u00e9s, m\u00e9lange des genres&#8230; s&#8217;interroge-t-on dans une bo\u00eete de prod concurrente. Le principe du pour ou contre, on voit \u00e7a depuis quinze ans \u00e0 la t\u00e9l\u00e9&#8230; \u00bb<\/p>\n<p>De fait, apr\u00e8s quelques semaines d&#8217;existence seulement, l&#8217;\u00e9mission a d\u00e9j\u00e0 du plomb dans l&#8217;aile. L&#8217;Ar\u00e8ne de France a r\u00e9ussi, en seulement dix diffusions, \u00e0 faire fuir plus d&#8217;un million de t\u00e9l\u00e9spectateurs, soit quasiment la moiti\u00e9 de son public. Avec, le 6 septembre pour sa premi\u00e8re, 29,4 % de parts d&#8217;audience, soit 2,2 millions de curieux, et d\u00e9j\u00e0 plus que 16,9 % de parts de march\u00e9 et 1,3 million d&#8217;affid\u00e9s le 8 novembre dernier. Chez Carat TV, on ajoute que l&#8217;Ar\u00e8ne de France attire un public plut\u00f4t \u00e2g\u00e9, \u00ab ce qui n&#8217;est pas de bon augure du point de vue des recettes publicitaires \u00bb.<\/p>\n<p>Selon certaines rumeurs, Patrick de Carolis, le pr\u00e9sident de France-T\u00e9l\u00e9vision, qui avait affirm\u00e9 en d\u00e9but de saison qu&#8217;il donnerait \u00ab du temps aux nouvelles \u00e9missions pour s&#8217;installer \u00bb, aurait lui-m\u00eame trouv\u00e9 les sujets \u00ab st\u00e9riles \u00bb, \u00ab caricaturaux \u00bb et \u00ab racoleurs \u00bb. Et pri\u00e9 St\u00e9phane Bern de redresser la barre, de proc\u00e9der \u00e0 des ajustements, de mieux choisir ses invit\u00e9s et, surtout, les th\u00e8mes de ses d\u00e9bats. Il semble que le conseil soit d&#8217;ores et d\u00e9j\u00e0 pris en compte. Et c&#8217;est sans doute le prochain d\u00e9fi \u00e0 relever dans l&#8217;Ar\u00e8ne de France : en finir avec la foire d&#8217;empoigne et renouer avec le d\u00e9bat citoyen. Qui d&#8217;ailleurs ne ferait peut-\u00eatre pas moins d&#8217;audience&#8230;  <\/p>\n<p>L&#8217;Ar\u00e8ne de France, France 2, tous les mercredis en deuxi\u00e8me partie de soir\u00e9e<\/p>\n","protected":false},"excerpt":{"rendered":"<p>Faire partie d&#8217;un camp. Ou d&#8217;un autre. R\u00e9pondre \u00ab oui \u00bb ou \u00ab non \u00bb. Avoir un avis sur tout. Et bien arr\u00eat\u00e9, s&#8217;il vous pla\u00eet. Pas de chichi. Pas d&#8217;h\u00e9sitation. Ne soyez pas des intellos, non, les intellos passent pour des cons \u00e0 trop se poser des questions. De \u00ab Faut-il croire aux ph\u00e9nom\u00e8nes [&hellip;]<\/p>\n","protected":false},"author":1,"featured_media":0,"comment_status":"open","ping_status":"open","sticky":false,"template":"","format":"standard","meta":{"_themeisle_gutenberg_block_has_review":false,"footnotes":""},"categories":[141],"tags":[287],"class_list":["post-2648","post","type-post","status-publish","format-standard","hentry","category-archives-web","tag-medias"],"_links":{"self":[{"href":"https:\/\/archives.regards.fr\/index.php?rest_route=\/wp\/v2\/posts\/2648","targetHints":{"allow":["GET"]}}],"collection":[{"href":"https:\/\/archives.regards.fr\/index.php?rest_route=\/wp\/v2\/posts"}],"about":[{"href":"https:\/\/archives.regards.fr\/index.php?rest_route=\/wp\/v2\/types\/post"}],"author":[{"embeddable":true,"href":"https:\/\/archives.regards.fr\/index.php?rest_route=\/wp\/v2\/users\/1"}],"replies":[{"embeddable":true,"href":"https:\/\/archives.regards.fr\/index.php?rest_route=%2Fwp%2Fv2%2Fcomments&post=2648"}],"version-history":[{"count":0,"href":"https:\/\/archives.regards.fr\/index.php?rest_route=\/wp\/v2\/posts\/2648\/revisions"}],"wp:attachment":[{"href":"https:\/\/archives.regards.fr\/index.php?rest_route=%2Fwp%2Fv2%2Fmedia&parent=2648"}],"wp:term":[{"taxonomy":"category","embeddable":true,"href":"https:\/\/archives.regards.fr\/index.php?rest_route=%2Fwp%2Fv2%2Fcategories&post=2648"},{"taxonomy":"post_tag","embeddable":true,"href":"https:\/\/archives.regards.fr\/index.php?rest_route=%2Fwp%2Fv2%2Ftags&post=2648"}],"curies":[{"name":"wp","href":"https:\/\/api.w.org\/{rel}","templated":true}]}}