{"id":2638,"date":"2006-12-01T00:00:00","date_gmt":"2006-11-30T23:00:00","guid":{"rendered":"https:\/\/wp.muchomaas.com\/candidature-unitaire-a-table2638\/"},"modified":"2006-12-01T00:00:00","modified_gmt":"2006-11-30T23:00:00","slug":"candidature-unitaire-a-table2638","status":"publish","type":"post","link":"https:\/\/archives.regards.fr\/?p=2638","title":{"rendered":"Candidature unitaire : \u00e0 table !"},"content":{"rendered":"<p class=\"post_excerpt\"> Collectifs unitaires, LCR, Parti communiste et bien d&#8217;autres ont trouv\u00e9 au moment du r\u00e9f\u00e9rendum un langage commun : l&#8217;antilib\u00e9ralisme. Cette accoutumance au rassemblement pourra-t-elle les rapprocher autour d&#8217;une candidature unitaire ? Reportage au sein des collectifs et \u00e9tat des lieux au PCF et \u00e0 la LCR. <\/p>\n<p>Comment bien cerner les quelque 700 collectifs locaux qui rassemblent chacun entre une poign\u00e9e et plusieurs dizaines de militants couvrant tous les d\u00e9partements ? Ce qui est s\u00fbr, c&#8217;est la diversit\u00e9. Il y a l\u00e0 des communistes, des trotskystes, des associatifs, des Verts, des altermondialistes, des socialistes du courant de Jean-Luc M\u00e9lenchon&#8230; et m\u00eame des citoyens qui ne se revendiquent de rien mais aspirent \u00e0 faire de la politique autrement. H\u00e9ritiers des collectifs du \u00ab non \u00bb au r\u00e9f\u00e9rendum sur la Constitution, ils ont appris une langue commune, celle de l&#8217;alternative au lib\u00e9ralisme. Avec ce langage s&#8217;est esquiss\u00e9 un patrimoine collectif. Les r\u00e9unions nationales des collectifs ont permis de fixer plusieurs des grands enjeux de la dynamique unitaire. La premi\u00e8re \u00e9tablissait, le 10 septembre \u00e0 Saint-Denis, un \u00ab objectif \u00bb et une \u00ab strat\u00e9gie \u00bb. La deuxi\u00e8me, les 14 et 15 octobre, a vu avancer le programme et la m\u00e9thode de d\u00e9signation. C&#8217;est le troisi\u00e8me de ces grands rendez-vous, les 9 et 10 d\u00e9cembre, qui concentre les crispations et fait appara\u00eetre les fissures. C&#8217;est \u00e0 cette date que doit aboutir l&#8217;ensemble de la d\u00e9marche, soit la d\u00e9signation du ou de la candidate et de son groupe de porte-parole. Par quel moyen ? Le \u00ab double consensus \u00bb r\u00e9pondait le texte fondateur du 10 septembre : \u00ab Il faut d\u00e9battre pour se convaincre et chercher \u00e0 b\u00e2tir un double consensus : au sein des collectifs et entre les organisations pour choisir celle ou celui qui incarnera sur le bulletin de vote notre rassemblement \u00bb, pr\u00e9cisait le texte.<\/p>\n<p>Qui de Cl\u00e9mentine Autain, Jos\u00e9 Bov\u00e9, Patrick Braouezec, Marie-George Buffet ou Yves Salesse sera en mesure de porter la candidature antilib\u00e9rale devant les \u00e9lecteurs ? En tra\u00eenant son micro dans les r\u00e9unions des collectifs locaux ou en guettant les forums de discussion, plusieurs tendances se d\u00e9gagent. La remarque d&#8217;un membre de collectif r\u00e9sume une tendance \u00e9mergeante vis-\u00e0-vis de Jos\u00e9 Bov\u00e9 : \u00ab Je pensais qu&#8217;il pouvait \u00eatre notre candidat de rassemblement le plus large. Cependant, ses attaques contre le PC et donc ses adh\u00e9rents, pour moi qui ne suis ni membre du PC, ni soutien de Marie-George Buffet, outre qu&#8217;elles stigmatisent par la n\u00e9gative la plus grande partie de notre rassemblement, commencent \u00e0 irriter. \u00bb Au-del\u00e0, pour ses d\u00e9tracteurs, le leader paysan aura fait une mauvaise campagne, riv\u00e9 sur la th\u00e9matique des rapports Nord\/Sud, au d\u00e9triment d&#8217;une vision pr\u00e9cise des enjeux nationaux. De leur c\u00f4t\u00e9, ses d\u00e9fenseurs mettent en avant son exp\u00e9rience syndicale, sa popularit\u00e9 et son talent m\u00e9diatique.<\/p>\n<p>Marie-George Buffet poss\u00e8de l&#8217;atout de diriger une formation politique souvent reconnue dans les collectifs locaux pour son r\u00f4le d\u00e9terminant dans la victoire du \u00ab non \u00bb au r\u00e9f\u00e9rendum. Cette filiation avec un instant politique fondateur offre d&#8217;abord au PCF une pr\u00e9sence massive de militants communistes dans les collectifs. Olivier, un participant d&#8217;un collectif local, r\u00e9sume un point de vue souvent entendu : \u00ab Je ne vois pas comment le PCF pourrait accepter que cela ne soit pas Marie-George Buffet, compte tenu du poids et du travail de ses militants et de l&#8217;enjeu vital que repr\u00e9sente pour lui cette candidature. Mais je ne vois pas non plus comment une candidature de Buffet pourrait ne pas appara\u00eetre comme de la r\u00e9cup\u00e9ration au profit du seul PCF, comme \u00e9voquant le pass\u00e9 plut\u00f4t que l&#8217;innovation, et comme li\u00e9e \u00e0 la gauche plurielle et \u00e0 de futures alliances avec le PS, n\u00e9cessaires au PCF pour conserver ses \u00e9lus dans les municipalit\u00e9s, conseils g\u00e9n\u00e9raux et r\u00e9gionaux. \u00bb \u00ab La grande absente, poursuit-il : une r\u00e9elle dynamique populaire au sein des collectifs. \u00bb La d\u00e9fiance \u00e0 l&#8217;\u00e9gard d&#8217;une candidature de Marie-George Buffet se r\u00e9v\u00e8le \u00e0 l&#8217;image de la position d&#8217;une majorit\u00e9 des membres du collectif national. Autre interrogation, exprim\u00e9e avec impatience par G\u00e9rard, du collectif de Clermont-Ferrand, sur la question du consensus : \u00ab Allez-vous l&#8217;entendre, camarades communistes ? On vous dit et on vous r\u00e9p\u00e8te que Marie-George Buffet ne fait pas consensus et vous voulez entendre qu&#8217;il s&#8217;agit d&#8217;un \u00abrefus du PCF\u00bb. \u00c7a devient tr\u00e8s lassant et on est mal barr\u00e9 pour le 10 d\u00e9cembre. Si dans les collectifs locaux vous voulez jouer au bras-de-fer avec les autres, vous allez gagner car c&#8217;est vous qui avez les plus gros muscles. Mais nous perdrons tous et vous les premiers. \u00bb Ambiance.<\/p>\n<p>Des quatre candidats qui reviennent le plus souvent dans les choix des militants, Yves Salesse et Cl\u00e9mentine Autain se d\u00e9marquent. Sur les 60 des quelque 700 collectifs locaux qui avaient exprim\u00e9 leur choix fin novembre, le pr\u00e9sident \u00ab en cong\u00e9 \u00bb de la fondation Copernic et l&#8217;adjointe \u00e0 la mairie de Paris arrivaient le plus souvent en t\u00eate. Yves Salesse, souvent appel\u00e9 sur les forums le \u00ab th\u00e9oricien \u00bb du mouvement, semble inspirer confiance. \u00ab Sa comp\u00e9tence et le r\u00f4le central qu&#8217;il joue dans la d\u00e9marche antilib\u00e9rale de gauche depuis deux ans le d\u00e9signent pour \u00eatre le candidat du rassemblement, le candidat soutenu par toutes les sensibilit\u00e9s, par tous les \u00e9lectorats de gauche qui ont dit \u00abnon\u00bbau n\u00e9olib\u00e9ralisme \u00bb, \u00e9crivait Raoul Marc Jennar en septembre. Mais ce qui est analys\u00e9 par les uns comme des qualit\u00e9s (dou\u00e9 d&#8217;une certaine exp\u00e9rience, \u00e9narque et intello du mouvement) provoque la d\u00e9fiance des autres ; qui pr\u00e9f\u00e8re louer les qualit\u00e9s de Cl\u00e9mentine Autain. Ainsi pour Thomas, \u00ab Elle va plus facilement incarner un renouveau. Le vote f\u00e9ministe va \u00eatre essentiel pour enrayer le bulldozer du vote utile pour Royal. \u00bb D&#8217;autres enfin, comme Daniel, estiment que sa \u00ab jeunesse \u00bb constitue un atout autant qu&#8217;un handicap. Elle lui conf\u00e8re \u00ab fra\u00eecheur, sinc\u00e9rit\u00e9, enthousiasme, langage direct \u00bb mais le militant bute sur son \u00ab inexp\u00e9rience \u00bb. Enfin, de collectifs locaux en forums de discussion, \u00e9merge, et c&#8217;est peut-\u00eatre encore le seul et r\u00e9el consensus, l&#8217;obsession de ne pas d\u00e9cevoir ceux qui esp\u00e8rent l&#8217;aboutissement de la dynamique unitaire. A l&#8217;instar de Katia, du collectif de Clermont-Ferrand : \u00ab Il faut penser \u00e0 tous ceux qui ne sont pas dans les collectifs locaux mais qui nous suivent de plus pr\u00e8s que nous ne le pensons et attendent de savoir si on se comporte de mani\u00e8re diff\u00e9rente des \u00abhabituels politiques\u00bb. Ne les d\u00e9cevons pas et, s\u00fbr, ils seront pr\u00e9sents pour aller voter \u00bb.<\/p>\n","protected":false},"excerpt":{"rendered":"<p> Collectifs unitaires, LCR, Parti communiste et bien d&#8217;autres ont trouv\u00e9 au moment du r\u00e9f\u00e9rendum un langage commun : l&#8217;antilib\u00e9ralisme. Cette accoutumance au rassemblement pourra-t-elle les rapprocher autour d&#8217;une candidature unitaire ? Reportage au sein des collectifs et \u00e9tat des lieux au PCF et \u00e0 la LCR. <\/p>\n","protected":false},"author":569,"featured_media":0,"comment_status":"open","ping_status":"open","sticky":false,"template":"","format":"standard","meta":{"_themeisle_gutenberg_block_has_review":false,"footnotes":""},"categories":[141],"tags":[290],"class_list":["post-2638","post","type-post","status-publish","format-standard","hentry","category-archives-web","tag-elections"],"_links":{"self":[{"href":"https:\/\/archives.regards.fr\/index.php?rest_route=\/wp\/v2\/posts\/2638","targetHints":{"allow":["GET"]}}],"collection":[{"href":"https:\/\/archives.regards.fr\/index.php?rest_route=\/wp\/v2\/posts"}],"about":[{"href":"https:\/\/archives.regards.fr\/index.php?rest_route=\/wp\/v2\/types\/post"}],"author":[{"embeddable":true,"href":"https:\/\/archives.regards.fr\/index.php?rest_route=\/wp\/v2\/users\/569"}],"replies":[{"embeddable":true,"href":"https:\/\/archives.regards.fr\/index.php?rest_route=%2Fwp%2Fv2%2Fcomments&post=2638"}],"version-history":[{"count":0,"href":"https:\/\/archives.regards.fr\/index.php?rest_route=\/wp\/v2\/posts\/2638\/revisions"}],"wp:attachment":[{"href":"https:\/\/archives.regards.fr\/index.php?rest_route=%2Fwp%2Fv2%2Fmedia&parent=2638"}],"wp:term":[{"taxonomy":"category","embeddable":true,"href":"https:\/\/archives.regards.fr\/index.php?rest_route=%2Fwp%2Fv2%2Fcategories&post=2638"},{"taxonomy":"post_tag","embeddable":true,"href":"https:\/\/archives.regards.fr\/index.php?rest_route=%2Fwp%2Fv2%2Ftags&post=2638"}],"curies":[{"name":"wp","href":"https:\/\/api.w.org\/{rel}","templated":true}]}}