{"id":2631,"date":"2007-04-05T00:00:00","date_gmt":"2007-04-04T22:00:00","guid":{"rendered":"https:\/\/wp.muchomaas.com\/keny-arkana-une-contestataire-qui2631\/"},"modified":"2023-06-23T23:05:56","modified_gmt":"2023-06-23T21:05:56","slug":"keny-arkana-une-contestataire-qui2631","status":"publish","type":"post","link":"https:\/\/archives.regards.fr\/?p=2631","title":{"rendered":"Keny Arkana : &#8220;une contestataire qui fait du rap&#8221;"},"content":{"rendered":"<p class=\"post_excerpt\"> Bien loin du strass et des paillettes de la musique business, la chanteuse rap Keny Arkana s&#8217;\u00e9vertue \u00e0 mettre en r\u00e9seau des poches de r\u00e9sistance \u00e0 un lib\u00e9ralisme \u00e9conomique plus que jamais \u00e9touffant. C&#8217;est avec poigne et spontan\u00e9it\u00e9 qu&#8217;elle parle \u00e0 coeur ouvert de son collectif La Rage du Peuple et de son projet &#8220;Appel aux sans voix&#8221;. <\/p>\n<p>La plus Argentine des Marseillaises se d\u00e9finit comme &#8220;une contestataire qui fait du rap&#8221;. Artiste engag\u00e9e proche du mouvement altermondialiste, Keny Arkana a sorti en octobre dernier l&#8217;album coup de poing<em> Entre Ciment et Belle Etoile <\/em>  (Because music). Un br\u00fblot largement salu\u00e9 par la critique. Difficile en effet, de rester insensible \u00e0 cette \u00e9corch\u00e9e vive qui rappe ses plaies avec fougue et conviction. <\/p>\n<p>Mais l&#8217;essentiel n&#8217;est pas l\u00e0. Keny Arkana est d&#8217;abord une conscience politique qui en \u00e9veille d&#8217;autres. Une rage constructive. La musique ne constitue pour elle qu&#8217;un outil d&#8217;expression. N&#8217;\u00e9tant apparent\u00e9e \u00e0 aucun parti ou syndicat, elle a n\u00e9anmoins fond\u00e9 en 2004 \u00e0 Noailles, quartier du centre-ville de la Cit\u00e9e phoc\u00e9enne, le collectif La Rage du Peuple. En r\u00e9action \u00e0 un &#8220;monde d\u00e9shumanis\u00e9 o\u00f9 l&#8217;\u00e9conomique a pris la pas sur le politique&#8221;. Le principe est d&#8217;organiser en France des assembl\u00e9es populaires citoyennes. Et quand les moyens le permettent, de sillonner l&#8217;Am\u00e9rique latine ou le continent africain afin d&#8217;y tisser un r\u00e9seau associatif militant. <\/p>\n<p><strong> Plate-forme de dialogue et de r\u00e9flexion <\/strong><\/p>\n<p>Jamais \u00e0 court de projets, Keny Arkana s&#8217;emploie par ailleurs \u00e0 d\u00e9velopper le site Internet appelauxsansvoix.org. Un espace de discussion &#8220;libre, ouvert et horizontal&#8221; qui se pr\u00e9sente comme une plate-forme destin\u00e9e \u00e0 relayer les initiatives locales d&#8217;entre-aide. Objectif : mettre en commun les comp\u00e9tences de chacun, rendre compte de l&#8217;avanc\u00e9e des forums populaires, confronter les exp\u00e9riences de luttes et contribuer \u00e0 faire \u00e9merger &#8220;d&#8217;en bas&#8221; des solutions concr\u00e8tes pour am\u00e9liorer la vie dans les quartiers. <\/p>\n<p>Pour Keny Arkana, &#8220;le changement ne viendra pas des institutions nationales. La seule alternative encore possible aujourd&#8217;hui est l&#8217;autogestion \u00e0 l&#8217;\u00e9chelle internationale&#8221;, assure-t-elle. Les pieds sur terre et les yeux riv\u00e9s vers le ciel, Keny n&#8217;a pas fini d&#8217;en d\u00e9coudre avec les affres de la mondialisation. Mais \u00e0 l&#8217;entendre, l&#8217;espoir est de mise : &#8220;On peut tous changer le monde \u00e0 notre \u00e9chelle&#8230;&#8221;<\/p>\n<p><strong> Interview audio de Keny Arkana <\/strong> (dur\u00e9e : 7 minutes). Ecouter : <a href=\"IMG\/mp3\/itwkenyarkana.mp3\">itwkenyarkana.mp3<\/a><\/p>\n<p>Chronique : <strong> Entre Ciment et Belle Etoile : le flow artistique <\/strong><\/p>\n<p>Certains le pr\u00e9sentent d\u00e9j\u00e0 comme le successeur du mythique J&#8217;appuie sur la g\u00e2chette des NTM. Il faut dire que Keny Arkana n&#8217;y va pas avec le dos de la cuill\u00e8re quand il s&#8217;agit de s&#8217;en prendre aux  d\u00e9rives du n\u00e9olib\u00e9ralisme. Avec une verve radicale et revendicative qui n&#8217;appartient qu&#8217;\u00e0 elle, la rappeuse marseillaise ass\u00e8ne des textes incisifs et enlev\u00e9s. Des g\u00e9nocides multiples \u00e0 la politique cynique du FMI, en passant par la violence dans les pays d&#8217;Am\u00e9rique du Sud (Victoria), mais aussi la fronde envers les institutions fran\u00e7aises (&#8220;C&#8217;est \u00e0 l&#8217;Elys\u00e9e que se cachent les plus grandes des racailles&#8221; dans Nettoyage au K\u00e4rcher ), Keny Arkana aspire \u00e0 un changement social en profondeur. V\u00e9ritable sommet artistique, La Rage cristallise une col\u00e8re saine et ma\u00eetris\u00e9e.  Rimes au scalpel, instrus soign\u00e9s souvent m\u00e9lancoliques, flow implacable et technique&#8230;Un disque d&#8217;excellente facture, abouti, touchant et vital. Arriv\u00e9e tel un missile sur la sc\u00e8ne rap hexagonale, Keny Arkana a tous les atouts pour s&#8217;imposer comme une artiste majeure.<\/p>\n<p><strong> Extraits de l&#8217;album &#8220;Entre Ciment et Belle Etoile&#8221; <\/strong><\/p>\n<p>&#8211; <strong> La rage <\/strong> (dur\u00e9e : 1,20 minutes). Ecouter : <a href=\"IMG\/mp3\/rage.mp3\">rage.mp3<\/a><\/p>\n<p>&#8211; <strong> Nettoyage au k\u00e4rcher <\/strong> (dur\u00e9e : 1,08 minutes). Ecouter : <a href=\"IMG\/mp3\/nettoyage.mp3\">nettoyage.mp3<\/a><\/p>\n<p>&#8211; <strong> Victoria <\/strong> (dur\u00e9e : 1,12 minutes). Ecouter : <a href=\"IMG\/mp3\/victoria.mp3\">victoria.mp3<\/a><\/p>\n<p>&#8211; Voir le <strong> visuel de la pochette <\/strong> : <img loading=\"lazy\" decoding=\"async\" class=\" size-full wp-image-14291\" src=\"https:\/\/wp.muchomaas.com\/wp-content\/uploads\/2007\/04\/visuelkeny-091.jpg\" alt=\"visuelkeny.jpg\" width=\"500\" height=\"504\" srcset=\"https:\/\/archives.regards.fr\/wp-content\/uploads\/2007\/04\/visuelkeny-091.jpg 500w, https:\/\/archives.regards.fr\/wp-content\/uploads\/2007\/04\/visuelkeny-091-298x300.jpg 298w, https:\/\/archives.regards.fr\/wp-content\/uploads\/2007\/04\/visuelkeny-091-150x150.jpg 150w\" sizes=\"auto, (max-width: 500px) 100vw, 500px\" \/><\/p>\n<p><strong> Pour plus d&#8217;informations : <\/strong> <\/p>\n<p>&#8211; http:\/\/www.keny-arkana.com\/<\/p>\n<p>&#8211; http:\/\/www.laragedupeuple.org\/<\/p>\n<p>&#8211; http:\/\/www.appelauxsansvoix.org\/<div id='gallery-1' class='gallery galleryid-2631 gallery-columns-3 gallery-size-thumbnail'><figure class='gallery-item'>\n\t\t\t<div class='gallery-icon portrait'>\n\t\t\t\t<a href='https:\/\/archives.regards.fr\/wp-content\/uploads\/2023\/06\/visuelkeny-503.jpg'><img loading=\"lazy\" decoding=\"async\" width=\"150\" height=\"150\" src=\"https:\/\/archives.regards.fr\/wp-content\/uploads\/2023\/06\/visuelkeny-503-150x150.jpg\" class=\"attachment-thumbnail size-thumbnail\" alt=\"visuelkeny.jpg\" srcset=\"https:\/\/archives.regards.fr\/wp-content\/uploads\/2023\/06\/visuelkeny-503-150x150.jpg 150w, https:\/\/archives.regards.fr\/wp-content\/uploads\/2023\/06\/visuelkeny-503-298x300.jpg 298w, https:\/\/archives.regards.fr\/wp-content\/uploads\/2023\/06\/visuelkeny-503.jpg 500w\" sizes=\"auto, (max-width: 150px) 100vw, 150px\" \/><\/a>\n\t\t\t<\/div><\/figure>\n\t\t<\/div>\n<\/p>\n","protected":false},"excerpt":{"rendered":"<p> Bien loin du strass et des paillettes de la musique business, la chanteuse rap Keny Arkana s&#8217;\u00e9vertue \u00e0 mettre en r\u00e9seau des poches de r\u00e9sistance \u00e0 un lib\u00e9ralisme \u00e9conomique plus que jamais \u00e9touffant. C&#8217;est avec poigne et spontan\u00e9it\u00e9 qu&#8217;elle parle \u00e0 coeur ouvert de son collectif La Rage du Peuple et de son projet &#8220;Appel aux sans voix&#8221;. <\/p>\n","protected":false},"author":604,"featured_media":14291,"comment_status":"open","ping_status":"open","sticky":false,"template":"","format":"standard","meta":{"_themeisle_gutenberg_block_has_review":false,"footnotes":""},"categories":[141],"tags":[296],"class_list":["post-2631","post","type-post","status-publish","format-standard","has-post-thumbnail","hentry","category-archives-web","tag-musique"],"_links":{"self":[{"href":"https:\/\/archives.regards.fr\/index.php?rest_route=\/wp\/v2\/posts\/2631","targetHints":{"allow":["GET"]}}],"collection":[{"href":"https:\/\/archives.regards.fr\/index.php?rest_route=\/wp\/v2\/posts"}],"about":[{"href":"https:\/\/archives.regards.fr\/index.php?rest_route=\/wp\/v2\/types\/post"}],"author":[{"embeddable":true,"href":"https:\/\/archives.regards.fr\/index.php?rest_route=\/wp\/v2\/users\/604"}],"replies":[{"embeddable":true,"href":"https:\/\/archives.regards.fr\/index.php?rest_route=%2Fwp%2Fv2%2Fcomments&post=2631"}],"version-history":[{"count":0,"href":"https:\/\/archives.regards.fr\/index.php?rest_route=\/wp\/v2\/posts\/2631\/revisions"}],"wp:featuredmedia":[{"embeddable":true,"href":"https:\/\/archives.regards.fr\/index.php?rest_route=\/wp\/v2\/media\/14291"}],"wp:attachment":[{"href":"https:\/\/archives.regards.fr\/index.php?rest_route=%2Fwp%2Fv2%2Fmedia&parent=2631"}],"wp:term":[{"taxonomy":"category","embeddable":true,"href":"https:\/\/archives.regards.fr\/index.php?rest_route=%2Fwp%2Fv2%2Fcategories&post=2631"},{"taxonomy":"post_tag","embeddable":true,"href":"https:\/\/archives.regards.fr\/index.php?rest_route=%2Fwp%2Fv2%2Ftags&post=2631"}],"curies":[{"name":"wp","href":"https:\/\/api.w.org\/{rel}","templated":true}]}}