{"id":2630,"date":"2007-04-03T00:00:00","date_gmt":"2007-04-02T22:00:00","guid":{"rendered":"https:\/\/wp.muchomaas.com\/les-etudiants-etrangers-prennent2630\/"},"modified":"2023-06-23T23:05:56","modified_gmt":"2023-06-23T21:05:56","slug":"les-etudiants-etrangers-prennent2630","status":"publish","type":"post","link":"https:\/\/archives.regards.fr\/?p=2630","title":{"rendered":"Les \u00e9tudiants \u00e9trangers prennent la parole"},"content":{"rendered":"<p class=\"post_excerpt\"> Quels regards les \u00e9tudiants r\u00e9sidant \u00e0 la Cit\u00e9 internationale de Paris portent-ils sur les candidats aux \u00e9lections pr\u00e9sidentielles ? Tour d&#8217;horizon \u00e0 l&#8217;approche d&#8217;un scrutin d\u00e9cisif pour l&#8217;avenir de la France. <\/p>\n<p>Certes, ils n&#8217;ont pas le droit de vote aux \u00e9lections pr\u00e9sidentielles mais cette p\u00e9riode de campagne ne les laisse pas indiff\u00e9rents. On pourrait les imaginer \u00e0 des ann\u00e9es lumi\u00e8res de nos pr\u00e9occupations franco-fran\u00e7aises, bien trop occup\u00e9s \u00e0 r\u00e9ussir leurs cursus scolaires. Il n&#8217;en est rien. Pour ces milliers d&#8217;\u00e9tudiants \u00e9trangers, venus des quatre coins du monde, l&#8217;arriv\u00e9e au pouvoir d&#8217;un nouveau chef d&#8217;Etat fran\u00e7ais n&#8217;est pas sans cons\u00e9quences. Il n&#8217;y a qu&#8217;\u00e0 les \u00e9couter tirer \u00e0 boulets rouges sur le fumeux minist\u00e8re de l&#8217;identit\u00e9 nationale pour s&#8217;en convaincre. Relations internationales, construction europ\u00e9enne, immigration, s\u00e9curit\u00e9, droit de vote aux \u00e9lections locales, r\u00e9gularisation des sans-papiers, emploi, \u00e9ducation&#8230;Sur ces questions, les points de vue divergent ou convergent, c&#8217;est selon. <\/p>\n<p><strong> Duel S\u00e9go\/Sarko <\/strong><\/p>\n<p>Bien souvent, le programme de Sarkozy leur fait froid dans le dos. On les comprend. A d\u00e9faut d&#8217;\u00eatre une candidate socialiste f\u00e9d\u00e9ratrice, Royal personnifie, elle, le<em> &#8220;vote utile&#8221; <\/em>. Mais son go\u00fbt pour l&#8217;\u00e0-peu-pr\u00e8s n&#8217;est pas pass\u00e9 inaper\u00e7u. En particulier dans le domaine de la politique \u00e9trang\u00e8re. Quant \u00e0 la tentation de voter pour le centriste Bayrou, la position de troisi\u00e8me homme que lui conf\u00e8rent les sondages repr\u00e9sente un vrai risque pour la gauche. Et les autres pr\u00e9tendants dans tout \u00e7a ? A part un certain nationaliste d&#8217;extr\u00eame-droite dont les intentions sont unanimement condamn\u00e9es, les Besancenot, Buffet, Bov\u00e9, Laguiller sont g\u00e9n\u00e9ralement per\u00e7us comme des forces politiques trop obscures. Du moins pas assez m\u00e9diatis\u00e9es. Aux yeux de nos \u00e9tudiants \u00e9trangers, les pr\u00e9sidentielles cuv\u00e9e 2007 se r\u00e9sument sans surprise \u00e0 un duel S\u00e9go\/Sarko arbitr\u00e9 par un \u00e9nigmatique Bayrou. La faute \u00e0 qui ? Aux m\u00e9dias peut-\u00eatre&#8230;<\/p>\n<p><strong> Interview audio du Marocain Youssef Kriem. <\/strong> <\/p>\n<p>H\u00e9berg\u00e9 \u00e0 la r\u00e9sidence Honorat, ce natif de Rabat r\u00e9alise \u00e0 23 ans un stage de six mois dans un cabinet de conseil en strat\u00e9gie d&#8217;entreprise. Bien qu&#8217;il adh\u00e8re au programme de Royal dans son ensemble, cet adepte de la libre concurrence regrette le d\u00e9part de Chirac qui a su, selon lui,<em> &#8220;tisser des liens \u00e9troits entre la France et le Maroc&#8221; <\/em>. Dur\u00e9e : 11 minutes.<\/p>\n<p>Ecouter : <doc><\/p>\n<p><strong> Interview audio du Libanais Karim Hakim. <\/strong> <\/p>\n<p>Pour cet \u00e9tudiant de 23 ans inscrit en master 2 Relations internationales,<em> &#8220;l&#8217;essentiel est de faire barrage \u00e0 Sarkozy&#8221; <\/em> d\u00e8s le premier tour. Quitte \u00e0 voter Bayrou&#8230;Par ailleurs, ce locataire du Coll\u00e8ge franco-britannique fait cas des questions diplomatiques. A grands renforts d&#8217;exemples concrets. Dur\u00e9e : 5,30 minutes<\/p>\n<p>Ecouter : <doc><\/p>\n<p><strong> Interview audio du Malien Ibrahima Solimare. <\/strong> <\/p>\n<p>Originaire de la r\u00e9gion de Kayes au Mali, cet \u00e9tudiant en master 1 Analyse \u00e9conomique et m\u00e9thode quantitative b\u00e9n\u00e9ficie d&#8217;une bourse de la r\u00e9gion Ile-de-France. Log\u00e9 \u00e0 la Fondation Emile et Louise Deutsch de la Meurthe, ce jeune de 26 ans avoue un certain penchant pour<em> &#8220;le programme \u00e9conomique de Sarkozy&#8221; <\/em>. Il serait pour lui le seul candidat capable de redresser la France. Dur\u00e9e : 13 minutes<\/p>\n<p>Ecouter : <doc><\/p>\n<p>Photo : <img loading=\"lazy\" decoding=\"async\" class=\" size-full wp-image-14288\" src=\"https:\/\/wp.muchomaas.com\/wp-content\/uploads\/2007\/04\/Malien-f65.jpg\" alt=\"Malien.jpg\" width=\"666\" height=\"500\" srcset=\"https:\/\/archives.regards.fr\/wp-content\/uploads\/2007\/04\/Malien-f65.jpg 666w, https:\/\/archives.regards.fr\/wp-content\/uploads\/2007\/04\/Malien-f65-300x225.jpg 300w\" sizes=\"auto, (max-width: 666px) 100vw, 666px\" \/><\/p>\n<p><strong> Interview audio de l&#8217;Italienne Agnese Chiscuzzu. <\/strong> <\/p>\n<p>Une ma\u00eetrise de science politique en poche, cette Sarde est venue en France se consacrer \u00e0 un master de droit europ\u00e9en. Ag\u00e9e de 24 ans et r\u00e9sidant \u00e0 la Maison du Portugal, cette boursi\u00e8re d\u00e9plore le manque d&#8217;attention accord\u00e9e aux questions europ\u00e9ennes. Dur\u00e9e : 3 minutes<\/p>\n<p>Ecouter : <doc><\/p>\n<p><strong> Interview audio de l&#8217;Argentin Leonardo Orlando. <\/strong> <\/p>\n<p>Avec son faux air du Che, cet \u00e9tudiant boursier de la Maison d&#8217;Argentine, \u00e2g\u00e9 de 25 ans, suit actuellement un master 2 Philosophie. Et  ne cache pas son int\u00e9r\u00eat pour Royal.<em> &#8220;LE vote strat\u00e9gique anti-Sarko&#8221; <\/em> dont la France a besoin. Dur\u00e9e : 6 minutes<\/p>\n<p>Ecouter : <doc><\/p>\n<p><strong> Interview audio de la Mon\u00e9gasque Agatha Korczak. <\/strong> <\/p>\n<p>De sensibilit\u00e9 ouvertement \u00e9cologique, cette \u00e9tudiante de 26 ans en master 2 Sociologie du politique \u00e0 la Sorbonne revient les forces et faiblesses du mod\u00e8le social fran\u00e7ais. Dur\u00e9e : 6 minutes<\/p>\n<p>Ecouter : <doc><div id='gallery-1' class='gallery galleryid-2630 gallery-columns-3 gallery-size-thumbnail'><figure class='gallery-item'>\n\t\t\t<div class='gallery-icon landscape'>\n\t\t\t\t<a href='https:\/\/archives.regards.fr\/wp-content\/uploads\/2023\/06\/Malien-762.jpg'><img loading=\"lazy\" decoding=\"async\" width=\"150\" height=\"150\" src=\"https:\/\/archives.regards.fr\/wp-content\/uploads\/2023\/06\/Malien-762-150x150.jpg\" class=\"attachment-thumbnail size-thumbnail\" alt=\"Malien.jpg\" \/><\/a>\n\t\t\t<\/div><\/figure>\n\t\t<\/div>\n<\/p>\n","protected":false},"excerpt":{"rendered":"<p> Quels regards les \u00e9tudiants r\u00e9sidant \u00e0 la Cit\u00e9 internationale de Paris portent-ils sur les candidats aux \u00e9lections pr\u00e9sidentielles ? Tour d&#8217;horizon \u00e0 l&#8217;approche d&#8217;un scrutin d\u00e9cisif pour l&#8217;avenir de la France. <\/p>\n","protected":false},"author":604,"featured_media":14288,"comment_status":"open","ping_status":"open","sticky":false,"template":"","format":"standard","meta":{"_themeisle_gutenberg_block_has_review":false,"footnotes":""},"categories":[141],"tags":[290],"class_list":["post-2630","post","type-post","status-publish","format-standard","has-post-thumbnail","hentry","category-archives-web","tag-elections"],"_links":{"self":[{"href":"https:\/\/archives.regards.fr\/index.php?rest_route=\/wp\/v2\/posts\/2630","targetHints":{"allow":["GET"]}}],"collection":[{"href":"https:\/\/archives.regards.fr\/index.php?rest_route=\/wp\/v2\/posts"}],"about":[{"href":"https:\/\/archives.regards.fr\/index.php?rest_route=\/wp\/v2\/types\/post"}],"author":[{"embeddable":true,"href":"https:\/\/archives.regards.fr\/index.php?rest_route=\/wp\/v2\/users\/604"}],"replies":[{"embeddable":true,"href":"https:\/\/archives.regards.fr\/index.php?rest_route=%2Fwp%2Fv2%2Fcomments&post=2630"}],"version-history":[{"count":0,"href":"https:\/\/archives.regards.fr\/index.php?rest_route=\/wp\/v2\/posts\/2630\/revisions"}],"wp:featuredmedia":[{"embeddable":true,"href":"https:\/\/archives.regards.fr\/index.php?rest_route=\/wp\/v2\/media\/14288"}],"wp:attachment":[{"href":"https:\/\/archives.regards.fr\/index.php?rest_route=%2Fwp%2Fv2%2Fmedia&parent=2630"}],"wp:term":[{"taxonomy":"category","embeddable":true,"href":"https:\/\/archives.regards.fr\/index.php?rest_route=%2Fwp%2Fv2%2Fcategories&post=2630"},{"taxonomy":"post_tag","embeddable":true,"href":"https:\/\/archives.regards.fr\/index.php?rest_route=%2Fwp%2Fv2%2Ftags&post=2630"}],"curies":[{"name":"wp","href":"https:\/\/api.w.org\/{rel}","templated":true}]}}