{"id":2617,"date":"2007-03-16T00:00:00","date_gmt":"2007-03-15T23:00:00","guid":{"rendered":"https:\/\/wp.muchomaas.com\/le-magazine-dawa-sort-son-no22617\/"},"modified":"2023-06-23T23:05:55","modified_gmt":"2023-06-23T21:05:55","slug":"le-magazine-dawa-sort-son-no22617","status":"publish","type":"post","link":"https:\/\/archives.regards.fr\/?p=2617","title":{"rendered":"Le magazine \u00ab Dawa \u00bb sort son n\u00b02 !"},"content":{"rendered":"\n\n<p class=\"post_excerpt\"> L&#8217;IUT et la ville de Bobigny, l&#8217;EMI-CFD, Regards et d&#8217;autres journaux ont r\u00e9ussi \u00e0 mettre en place une formation de journalisme sur Bobigny ouverte aux jeunes de Seine-Saint-Denis. Fruit de leur travail, le magazine Dawa para\u00eet pour la deuxi\u00e8me fois. <\/p>\n\n\n\n\n\nLe second num\u00e9ro du magazine r\u00e9alis\u00e9 par l&#8217;atelier de journalisme de Bobigny est paru ce jeudi 15 mars. Mise en place \u00e0 l&#8217;initiative de la revue Regards en janvier 2006, cette formation de journalisme gratuite et ouverte \u00e0 un large public a pour but d&#8217;amener des jeunes de Seine-Saint-Denis \u00e0 int\u00e9grer la presse \u00e9crite. \n\n\n\n<strong> Acc\u00e9der au m\u00e9tier de journaliste <\/strong>\n\n\n\nFace \u00e0 des m\u00e9dias trop souvent coup\u00e9s des r\u00e9alit\u00e9s sociales et des cat\u00e9gories populaires, cet atelier  souhaite promouvoir une plus grande pluralit\u00e9 dans le milieu de la presse en offrant une formation journalistique \u00e0 ces jeunes, pour lesquels les frais d&#8217;inscription et la s\u00e9lection dans la dizaine d&#8217;\u00e9coles reconnues actuellement, constitue une barri\u00e8re peu surmontable. \n\n\n\nPlusieurs partenaires se sont engag\u00e9s aux c\u00f4t\u00e9s du magazine Regards. La Ville de bobigny (et notamment le journal municipal \u00ab Bonjour Bobigny \u00bb) et  l&#8217;IUT de bobigny ont \u00e9t\u00e9 d\u00e8s le d\u00e9part partie prenante de ce projet. La ligue de l&#8217;enseignement et l&#8217;\u00e9cole de journalisme EMI-CFD ont apport\u00e9 un soutien p\u00e9dagogique. Enfin, de nombreuses r\u00e9dactions partenaires ont r\u00e9pondu pr\u00e9sentes en offrant un stage de fin de formation : Politis, Marianne, l&#8217;Humanit\u00e9, So Foot, Alternatives \u00e9conomiques, etc.\n\n\n\n<strong> Une diffusion \u00e0 23 000 exemplaires <\/strong>\n\n\n\nAinsi cet atelier qui a lieu tous les lundis soir et certains samedis accueille une quinzaine de   stagiaires  de plus de 17 ans. Des journalistes-formateurs ( Remi Douat, r\u00e9dacteur en chef de Regards, Laurent Cahtherine, formateur \u00e0 l&#8217;EMI-CFD, Chakri Bela\u00efd, ind\u00e9pendant) et divers intervenants dispensent des cours sur les bases du journalisme, avec comme travaux pratiques la r\u00e9alisation du magazine \u00ab Dawa \u00bb. Signifiant \u00ab rem\u00e8de \u00bb en swhili, \u00ab invitation \u00bb en arabe, \u00ab n\u00e9 un lundi \u00bb en tib\u00e9tain, et \u00ab joyeux bordel \u00bb en argot, le premier num\u00e9ro est sorti en juin 2006. Voici donc le deuxi\u00e8me, diffus\u00e9 \u00e0 23 000 exemplaires avec \u00ab Bonjour Bobigny \u00bb.\n\n\n\n<strong> Au sommaire de ce premier num\u00e9ro : <\/strong>\n\n\n\n&#8211; Du \u00ab quartier \u00bb au quartier latin : la pol\u00e9mique sur l&#8217;int\u00e9gration de jeunes de condition modeste au sein d&#8217;une classe pr\u00e9paratoire du lyc\u00e9e parisien Henri 4.\n\n&#8211; Voyage sur le net : comment accueillir ou visiter une personne de l&#8217;autre bout du monde&#8230;\n\n&#8211; Football professionnel : le r\u00eave empoisonn\u00e9\n\n&#8211; Sakina M&#8217;SA, cr\u00e9atrice de mode \u00ab \u00e0 taille humaine \u00bb\n\n&#8211; Sans no\u00ebl fixe : reportage aux c\u00f4t\u00e9s de SDF\n\n&#8211; Quartier Jean-Rostand : un d\u00e9cor en technicolor\n\n&#8211; Micro trottoir : allez-vous voter lors de la prochaine \u00e9lection pr\u00e9sidentielle ?\n\n&#8211; Etc, etc.\n\n\n\n<strong> Pour voir la Une du n\u00b02 de Dawa <\/strong> : <img loading=\"lazy\" decoding=\"async\" class=\" size-full wp-image-14279\" src=\"https:\/\/wp.muchomaas.com\/wp-content\/uploads\/2007\/03\/dawa-f95.jpg\" alt=\"dawa.jpg\" width=\"1062\" height=\"1417\" srcset=\"https:\/\/archives.regards.fr\/wp-content\/uploads\/2007\/03\/dawa-f95.jpg 1062w, https:\/\/archives.regards.fr\/wp-content\/uploads\/2007\/03\/dawa-f95-225x300.jpg 225w, https:\/\/archives.regards.fr\/wp-content\/uploads\/2007\/03\/dawa-f95-767x1024.jpg 767w, https:\/\/archives.regards.fr\/wp-content\/uploads\/2007\/03\/dawa-f95-768x1025.jpg 768w\" sizes=\"auto, (max-width: 1062px) 100vw, 1062px\" \/>\n\n\n\n<strong> Revue de presse <\/strong> : <a href=\"https:\/\/wp.muchomaas.com\/wp-content\/uploads\/2007\/03\/revue_presse_dawa-f23.pdf\">revue_presse_dawa.pdf<\/a>\n\n\n\n<strong> Pour plus d&#8217;infos : <\/strong>\n\n\n\n&#8211; Le blog des stagiaires de l&#8217;atelier :\n\nhttp:\/\/www.lesstagiaires.over-blog.com\n\n\n\n&#8211; Le responsable de l&#8217;atelier :\n\nContact : remi.douat@regards.fr<div id='gallery-1' class='gallery galleryid-2617 gallery-columns-3 gallery-size-thumbnail'><figure class='gallery-item'>\n\t\t\t<div class='gallery-icon portrait'>\n\t\t\t\t<a href='https:\/\/archives.regards.fr\/wp-content\/uploads\/2023\/06\/dawa-a16.jpg'><img loading=\"lazy\" decoding=\"async\" width=\"150\" height=\"150\" src=\"https:\/\/archives.regards.fr\/wp-content\/uploads\/2023\/06\/dawa-a16-150x150.jpg\" class=\"attachment-thumbnail size-thumbnail\" alt=\"dawa.jpg\" \/><\/a>\n\t\t\t<\/div><\/figure>\n\t\t<\/div>\n\n<h2 class=\"wp-block-heading\">Documents joints<\/h2>\n\n\n\n<div class=\"wp-block-file\"><a href=\"https:\/\/wp.muchomaas.com\/wp-content\/uploads\/2023\/06\/revue_presse_dawa-c59.pdf\">revue_presse_dawa.pdf<\/a><\/div>\n\n\n","protected":false},"excerpt":{"rendered":"<p> L&#8217;IUT et la ville de Bobigny, l&#8217;EMI-CFD, Regards et d&#8217;autres journaux ont r\u00e9ussi \u00e0 mettre en place une formation de journalisme sur Bobigny ouverte aux jeunes de Seine-Saint-Denis. Fruit de leur travail, le magazine Dawa para\u00eet pour la deuxi\u00e8me fois. <\/p>\n","protected":false},"author":1,"featured_media":14279,"comment_status":"open","ping_status":"open","sticky":false,"template":"","format":"standard","meta":{"_themeisle_gutenberg_block_has_review":false,"footnotes":""},"categories":[141],"tags":[287],"class_list":["post-2617","post","type-post","status-publish","format-standard","has-post-thumbnail","hentry","category-archives-web","tag-medias"],"_links":{"self":[{"href":"https:\/\/archives.regards.fr\/index.php?rest_route=\/wp\/v2\/posts\/2617","targetHints":{"allow":["GET"]}}],"collection":[{"href":"https:\/\/archives.regards.fr\/index.php?rest_route=\/wp\/v2\/posts"}],"about":[{"href":"https:\/\/archives.regards.fr\/index.php?rest_route=\/wp\/v2\/types\/post"}],"author":[{"embeddable":true,"href":"https:\/\/archives.regards.fr\/index.php?rest_route=\/wp\/v2\/users\/1"}],"replies":[{"embeddable":true,"href":"https:\/\/archives.regards.fr\/index.php?rest_route=%2Fwp%2Fv2%2Fcomments&post=2617"}],"version-history":[{"count":0,"href":"https:\/\/archives.regards.fr\/index.php?rest_route=\/wp\/v2\/posts\/2617\/revisions"}],"wp:featuredmedia":[{"embeddable":true,"href":"https:\/\/archives.regards.fr\/index.php?rest_route=\/wp\/v2\/media\/14279"}],"wp:attachment":[{"href":"https:\/\/archives.regards.fr\/index.php?rest_route=%2Fwp%2Fv2%2Fmedia&parent=2617"}],"wp:term":[{"taxonomy":"category","embeddable":true,"href":"https:\/\/archives.regards.fr\/index.php?rest_route=%2Fwp%2Fv2%2Fcategories&post=2617"},{"taxonomy":"post_tag","embeddable":true,"href":"https:\/\/archives.regards.fr\/index.php?rest_route=%2Fwp%2Fv2%2Ftags&post=2617"}],"curies":[{"name":"wp","href":"https:\/\/api.w.org\/{rel}","templated":true}]}}