{"id":2615,"date":"2007-03-16T00:00:00","date_gmt":"2007-03-15T23:00:00","guid":{"rendered":"https:\/\/wp.muchomaas.com\/un-autre-journalisme-est-il2615\/"},"modified":"2007-03-16T00:00:00","modified_gmt":"2007-03-15T23:00:00","slug":"un-autre-journalisme-est-il2615","status":"publish","type":"post","link":"https:\/\/archives.regards.fr\/?p=2615","title":{"rendered":"Un autre journalisme est-il possible ?"},"content":{"rendered":"<p class=\"post_excerpt\"> Voici des extraits de la conf\u00e9rence qui avait lieu lors des assises du journalisme, \u00e0 Lille le 9 mars. <\/p>\n<p><strong> Intervention de Jean-Luc Porquet, journaliste au Canard Encha\u00een\u00e9 <\/strong> : il \u00e9voque bri\u00e8vement l&#8217;institution du canard et ses d\u00e9buts de journaliste, il livre son sentiment sur la presse actuelle qu&#8217;il estime paresseuse et \u00e9touff\u00e9e, et rel\u00e8ve les initiatives de quelques titres de la presse alternative. <\/p>\n<p>Pour \u00e9couter : <a href=\"IMG\/mp3\/Le_canard_enchaine.mp3\">Le_canard_enchaine.mp3<\/a><\/p>\n<p><strong> Intervention de Paul Moreira, cr\u00e9ateur de 90 minutes <\/strong> sur canal + et auteur de \u00ab Les nouvelles censures : dans les coulisses de la manipulation de l&#8217;information \u00bb : Il revient sur le magazine 90 minutes, aujourd&#8217;hui supprim\u00e9 des programmes de canal +, et notamment sur la \u00ab bavure \u00bb de l&#8217;arm\u00e9e fran\u00e7aise en C\u00f4t\u00e9 d&#8217;Ivoire lorsque les soldats fran\u00e7ais tir\u00e8rent sur des manifestants civils. Une affaire d\u00e9mentie par l&#8217;Etat fran\u00e7ais, jusqu&#8217;\u00e0 la parution du reportage. <\/p>\n<p>Pour \u00e9couter :<doc><\/p>\n<p><strong> Intervention de Thomas Baumgartner, r\u00e9dacteur en chef adjoint d&#8217;Arte Radio <\/strong> : Il pr\u00e9sente Arte Radio, un projet rattach\u00e9 \u00e0 Arte France mais qui poss\u00e8de carte blanche en mati\u00e8re de ligne \u00e9ditoriale&#8230;<\/p>\n<p>Pour \u00e9couter :<a href=\"IMG\/mp3\/arte_radio.mp3\">arte_radio.mp3<\/a><\/p>\n","protected":false},"excerpt":{"rendered":"<p> Voici des extraits de la conf\u00e9rence qui avait lieu lors des assises du journalisme, \u00e0 Lille le 9 mars. <\/p>\n","protected":false},"author":1,"featured_media":0,"comment_status":"open","ping_status":"open","sticky":false,"template":"","format":"standard","meta":{"_themeisle_gutenberg_block_has_review":false,"footnotes":""},"categories":[141],"tags":[287],"class_list":["post-2615","post","type-post","status-publish","format-standard","hentry","category-archives-web","tag-medias"],"_links":{"self":[{"href":"https:\/\/archives.regards.fr\/index.php?rest_route=\/wp\/v2\/posts\/2615","targetHints":{"allow":["GET"]}}],"collection":[{"href":"https:\/\/archives.regards.fr\/index.php?rest_route=\/wp\/v2\/posts"}],"about":[{"href":"https:\/\/archives.regards.fr\/index.php?rest_route=\/wp\/v2\/types\/post"}],"author":[{"embeddable":true,"href":"https:\/\/archives.regards.fr\/index.php?rest_route=\/wp\/v2\/users\/1"}],"replies":[{"embeddable":true,"href":"https:\/\/archives.regards.fr\/index.php?rest_route=%2Fwp%2Fv2%2Fcomments&post=2615"}],"version-history":[{"count":0,"href":"https:\/\/archives.regards.fr\/index.php?rest_route=\/wp\/v2\/posts\/2615\/revisions"}],"wp:attachment":[{"href":"https:\/\/archives.regards.fr\/index.php?rest_route=%2Fwp%2Fv2%2Fmedia&parent=2615"}],"wp:term":[{"taxonomy":"category","embeddable":true,"href":"https:\/\/archives.regards.fr\/index.php?rest_route=%2Fwp%2Fv2%2Fcategories&post=2615"},{"taxonomy":"post_tag","embeddable":true,"href":"https:\/\/archives.regards.fr\/index.php?rest_route=%2Fwp%2Fv2%2Ftags&post=2615"}],"curies":[{"name":"wp","href":"https:\/\/api.w.org\/{rel}","templated":true}]}}