{"id":2608,"date":"2007-03-08T00:00:00","date_gmt":"2007-03-07T23:00:00","guid":{"rendered":"https:\/\/wp.muchomaas.com\/fred-alpi-se-reposer-ou-etre-libre2608\/"},"modified":"2007-03-08T00:00:00","modified_gmt":"2007-03-07T23:00:00","slug":"fred-alpi-se-reposer-ou-etre-libre2608","status":"publish","type":"post","link":"https:\/\/archives.regards.fr\/?p=2608","title":{"rendered":"Fred Alpi \u00ab Se reposer ou \u00eatre libre \u00bb (Fairplay)"},"content":{"rendered":"<p>Personnage aux multiples facettes, professeur de Kung-Fu et v\u00e9t\u00e9ran de la sc\u00e8ne industrielle allemande, Fred Alpi sort un nouvel album \u00e9tonamment d\u00e9pouill\u00e9, en s&#8217;appuyant sur deux guitares s\u00e8ches aux r\u00e9sonances bluesy \u00e9videntes.<\/p>\n<p>Fid\u00e8le \u00e0 sa plume d&#8217;inconsolable libertaire, il continue d&#8217;y chanter un d\u00e9go\u00fbt r\u00e9volt\u00e9  (\u00ab Ma part de violence \u00bb) qui ne s&#8217;interdit pas les douleurs de l&#8217;\u00e2me et du quotidien (\u00ab Eternel retour \u00bb ). Loin de la chanson fran\u00e7aise pour Bobos nombrilistes ou du punk mal jou\u00e9 pour les manifs, une parenth\u00e8se d\u00e9senchant\u00e9e sur fond de tatouage et de drapeau noir.<\/p>\n<p><strong> Pour commander l&#8217;album ou \u00e9couter des extraits audio, voir l&#8217;interview vid\u00e9o de fred Alpi sur Zal\u00e9a TV et retrouver les annonces des concerts, le site de Fred Alpi : <\/strong> http:\/\/www.fredalpi.com\/<\/p>\n","protected":false},"excerpt":{"rendered":"<p>Personnage aux multiples facettes, professeur de Kung-Fu et v\u00e9t\u00e9ran de la sc\u00e8ne industrielle allemande, Fred Alpi sort un nouvel album \u00e9tonamment d\u00e9pouill\u00e9, en s&#8217;appuyant sur deux guitares s\u00e8ches aux r\u00e9sonances bluesy \u00e9videntes. Fid\u00e8le \u00e0 sa plume d&#8217;inconsolable libertaire, il continue d&#8217;y chanter un d\u00e9go\u00fbt r\u00e9volt\u00e9 (\u00ab Ma part de violence \u00bb) qui ne s&#8217;interdit pas [&hellip;]<\/p>\n","protected":false},"author":579,"featured_media":0,"comment_status":"open","ping_status":"open","sticky":false,"template":"","format":"standard","meta":{"_themeisle_gutenberg_block_has_review":false,"footnotes":""},"categories":[141],"tags":[296],"class_list":["post-2608","post","type-post","status-publish","format-standard","hentry","category-archives-web","tag-musique"],"_links":{"self":[{"href":"https:\/\/archives.regards.fr\/index.php?rest_route=\/wp\/v2\/posts\/2608","targetHints":{"allow":["GET"]}}],"collection":[{"href":"https:\/\/archives.regards.fr\/index.php?rest_route=\/wp\/v2\/posts"}],"about":[{"href":"https:\/\/archives.regards.fr\/index.php?rest_route=\/wp\/v2\/types\/post"}],"author":[{"embeddable":true,"href":"https:\/\/archives.regards.fr\/index.php?rest_route=\/wp\/v2\/users\/579"}],"replies":[{"embeddable":true,"href":"https:\/\/archives.regards.fr\/index.php?rest_route=%2Fwp%2Fv2%2Fcomments&post=2608"}],"version-history":[{"count":0,"href":"https:\/\/archives.regards.fr\/index.php?rest_route=\/wp\/v2\/posts\/2608\/revisions"}],"wp:attachment":[{"href":"https:\/\/archives.regards.fr\/index.php?rest_route=%2Fwp%2Fv2%2Fmedia&parent=2608"}],"wp:term":[{"taxonomy":"category","embeddable":true,"href":"https:\/\/archives.regards.fr\/index.php?rest_route=%2Fwp%2Fv2%2Fcategories&post=2608"},{"taxonomy":"post_tag","embeddable":true,"href":"https:\/\/archives.regards.fr\/index.php?rest_route=%2Fwp%2Fv2%2Ftags&post=2608"}],"curies":[{"name":"wp","href":"https:\/\/api.w.org\/{rel}","templated":true}]}}