{"id":2603,"date":"2007-02-28T00:00:00","date_gmt":"2007-02-27T23:00:00","guid":{"rendered":"https:\/\/wp.muchomaas.com\/gauche-droite-un-clivage-perime2603\/"},"modified":"2007-02-28T00:00:00","modified_gmt":"2007-02-27T23:00:00","slug":"gauche-droite-un-clivage-perime2603","status":"publish","type":"post","link":"https:\/\/archives.regards.fr\/?p=2603","title":{"rendered":"Gauche-droite : un clivage p\u00e9rim\u00e9 ?"},"content":{"rendered":"<p class=\"post_excerpt\"> PARTICIPEZ AU DEBAT !! <\/p>\n<p><strong> Il nous a sembl\u00e9 important de revenir sur l&#8217;opposition gauche-droite, que beaucoup auraient tendance \u00e0 vouloir faire dispara\u00eetre, alors qu&#8217;elle est plus que jamais d&#8217;actualit\u00e9. Un dossier est en pr\u00e9paration pour le prochain Regards. <\/strong><\/p>\n<p><em> Depuis une vingtaine d&#8217;ann\u00e9es, le clivage gauche-droite semblerait s&#8217;\u00eatre att\u00e9nu\u00e9. Actuellement, les  forces politiques brouillent les cartes. Royal parle \u00ab d&#8217;ordre juste \u00bb, Sarkozy s&#8217;appuie sur Jaur\u00e8s et Blum pour pr\u00e9senter son discours de \u00ab rupture \u00bb, Bayroux s&#8217;avance en homme providentiel pour un gouvernement d&#8217;union nationale&#8230; et Le pen se r\u00e9clame du centre droit ! De m\u00eame, la droite n&#8217;a plus le monopole des privatisations, comme l&#8217;\u00e9cologie n&#8217;est plus une th\u00e9matique r\u00e9serv\u00e9e \u00e0 la gauche. Et derni\u00e8rement, le PS, l&#8217;UDF et l&#8217;UMP battaient campagne pour la constitution europ\u00e9enne, qui ent\u00e9rinait le lib\u00e9ralisme \u00e9conomique. <\/em><\/p>\n<p><strong> Ces derni\u00e8res ann\u00e9es, assiste-t-on \u00e0 une recomposition  des forces politiques ? <\/strong> <\/p>\n<p><strong> Le clivage gauche-droite n&#8217;est-il plus pertinent pour distinguer les partis politiques ? <\/strong><\/p>\n<p><strong> Les \u00e9lecteurs ont-ils des difficult\u00e9s \u00e0 se d\u00e9finir encore selon cette polarisation ? <\/strong><\/p>\n<p><strong> Les sujets traditionnels de la confrontation gauche-droite (travail, s\u00e9curit\u00e9, \u00e9cologie, imp\u00f4t,  secteur public, etc.) sont-ils encore le reflet de ce clivage ? <\/strong><\/p>\n<p><em> <strong> TOUTES VOS CONTRIBUTIONS SONT LES BIENVENUES POUR ALIMENTER NOTRE REFLEXION ! <\/strong> <\/em><\/p>\n","protected":false},"excerpt":{"rendered":"<p> PARTICIPEZ AU DEBAT !! <\/p>\n","protected":false},"author":1,"featured_media":0,"comment_status":"open","ping_status":"open","sticky":false,"template":"","format":"standard","meta":{"_themeisle_gutenberg_block_has_review":false,"footnotes":""},"categories":[141],"tags":[290],"class_list":["post-2603","post","type-post","status-publish","format-standard","hentry","category-archives-web","tag-elections"],"_links":{"self":[{"href":"https:\/\/archives.regards.fr\/index.php?rest_route=\/wp\/v2\/posts\/2603","targetHints":{"allow":["GET"]}}],"collection":[{"href":"https:\/\/archives.regards.fr\/index.php?rest_route=\/wp\/v2\/posts"}],"about":[{"href":"https:\/\/archives.regards.fr\/index.php?rest_route=\/wp\/v2\/types\/post"}],"author":[{"embeddable":true,"href":"https:\/\/archives.regards.fr\/index.php?rest_route=\/wp\/v2\/users\/1"}],"replies":[{"embeddable":true,"href":"https:\/\/archives.regards.fr\/index.php?rest_route=%2Fwp%2Fv2%2Fcomments&post=2603"}],"version-history":[{"count":0,"href":"https:\/\/archives.regards.fr\/index.php?rest_route=\/wp\/v2\/posts\/2603\/revisions"}],"wp:attachment":[{"href":"https:\/\/archives.regards.fr\/index.php?rest_route=%2Fwp%2Fv2%2Fmedia&parent=2603"}],"wp:term":[{"taxonomy":"category","embeddable":true,"href":"https:\/\/archives.regards.fr\/index.php?rest_route=%2Fwp%2Fv2%2Fcategories&post=2603"},{"taxonomy":"post_tag","embeddable":true,"href":"https:\/\/archives.regards.fr\/index.php?rest_route=%2Fwp%2Fv2%2Ftags&post=2603"}],"curies":[{"name":"wp","href":"https:\/\/api.w.org\/{rel}","templated":true}]}}