{"id":2596,"date":"2007-02-20T00:00:00","date_gmt":"2007-02-19T23:00:00","guid":{"rendered":"https:\/\/wp.muchomaas.com\/debat-sur-les-medias-alternatifs2596\/"},"modified":"2007-02-20T00:00:00","modified_gmt":"2007-02-19T23:00:00","slug":"debat-sur-les-medias-alternatifs2596","status":"publish","type":"post","link":"https:\/\/archives.regards.fr\/?p=2596","title":{"rendered":"D\u00e9bat sur les m\u00e9dias alternatifs (Audio)"},"content":{"rendered":"<p class=\"post_excerpt\"> Voici l&#8217;enregistrement audio d&#8217;un d\u00e9bat \u00e0 La Passerelle (\u00e0 Paris le 23 janvier) o\u00f9 Esteban, l&#8217;auteur du &#8220;Guide des m\u00e9dias alternatifs&#8221;, a pr\u00e9sent\u00e9 son livre, suivi d&#8217;un d\u00e9bat autour des &#8220;mass-m\u00e9dias&#8221; et de la presse alternative. <\/p>\n<p>Pour \u00e9couter, cliquer sur le lien suivant :<\/p>\n<p><doc><\/p>\n<p><strong> Coordonn\u00e9es : <\/strong><\/p>\n<p>\u00ab Devenons des m\u00e9di@s alternatifs ! \u00bb<em> Guide des m\u00e9dias alternatifs et des sources d&#8217;informations diff\u00e9rentes <\/em>. Premi\u00e8re \u00e9dition, septembre 2008, 10 euros.<\/p>\n<p><strong> contact : <\/strong><\/p>\n<p>Editions le p&#8217;tit gavroche, 3 bis rue des lilas 69008 Lyon<\/p>\n<p>ptitgavroche@gmail.com<\/p>\n<p>ww.guidaltern.org<\/p>\n<p><strong> Pour lire la chronique du livre : voir l&#8217;article &#8220;Le guide des m\u00e9dias alternatif&#8221; <\/strong> <\/p>\n<p>Lien : https:\/\/wp.muchomaas.com\/article\/?id=2583&#038;q=category:1006<\/p>\n","protected":false},"excerpt":{"rendered":"<p> Voici l&#8217;enregistrement audio d&#8217;un d\u00e9bat \u00e0 La Passerelle (\u00e0 Paris le 23 janvier) o\u00f9 Esteban, l&#8217;auteur du &#8220;Guide des m\u00e9dias alternatifs&#8221;, a pr\u00e9sent\u00e9 son livre, suivi d&#8217;un d\u00e9bat autour des &#8220;mass-m\u00e9dias&#8221; et de la presse alternative. <\/p>\n","protected":false},"author":1,"featured_media":0,"comment_status":"open","ping_status":"open","sticky":false,"template":"","format":"standard","meta":{"_themeisle_gutenberg_block_has_review":false,"footnotes":""},"categories":[141],"tags":[287],"class_list":["post-2596","post","type-post","status-publish","format-standard","hentry","category-archives-web","tag-medias"],"_links":{"self":[{"href":"https:\/\/archives.regards.fr\/index.php?rest_route=\/wp\/v2\/posts\/2596","targetHints":{"allow":["GET"]}}],"collection":[{"href":"https:\/\/archives.regards.fr\/index.php?rest_route=\/wp\/v2\/posts"}],"about":[{"href":"https:\/\/archives.regards.fr\/index.php?rest_route=\/wp\/v2\/types\/post"}],"author":[{"embeddable":true,"href":"https:\/\/archives.regards.fr\/index.php?rest_route=\/wp\/v2\/users\/1"}],"replies":[{"embeddable":true,"href":"https:\/\/archives.regards.fr\/index.php?rest_route=%2Fwp%2Fv2%2Fcomments&post=2596"}],"version-history":[{"count":0,"href":"https:\/\/archives.regards.fr\/index.php?rest_route=\/wp\/v2\/posts\/2596\/revisions"}],"wp:attachment":[{"href":"https:\/\/archives.regards.fr\/index.php?rest_route=%2Fwp%2Fv2%2Fmedia&parent=2596"}],"wp:term":[{"taxonomy":"category","embeddable":true,"href":"https:\/\/archives.regards.fr\/index.php?rest_route=%2Fwp%2Fv2%2Fcategories&post=2596"},{"taxonomy":"post_tag","embeddable":true,"href":"https:\/\/archives.regards.fr\/index.php?rest_route=%2Fwp%2Fv2%2Ftags&post=2596"}],"curies":[{"name":"wp","href":"https:\/\/api.w.org\/{rel}","templated":true}]}}