{"id":2590,"date":"2007-02-09T00:00:00","date_gmt":"2007-02-08T23:00:00","guid":{"rendered":"https:\/\/wp.muchomaas.com\/le-site-bella-ciao-vire-sectaro2590\/"},"modified":"2007-02-09T00:00:00","modified_gmt":"2007-02-08T23:00:00","slug":"le-site-bella-ciao-vire-sectaro2590","status":"publish","type":"post","link":"https:\/\/archives.regards.fr\/?p=2590","title":{"rendered":"Le site &#8220;Bella ciao&#8221; vire sectaro"},"content":{"rendered":"<p class=\"post_excerpt\"> Lettre ouverte \u00e0 Roberto Ferrario, \u00e0 l&#8217;\u00e9quipe de Bellaciao, aux contributeurs et aux lecteurs de ce site. <\/p>\n<p>Pendant plusieurs ann\u00e9es, Bellaciao a \u00e9t\u00e9 un espace de libre expression, de d\u00e9bats et d&#8217;\u00e9changes entre les diverses sensibilit\u00e9s de la gauche antilib\u00e9rale. Nous y avons contribu\u00e9. La publication y \u00e9tait libre et les commentaires publi\u00e9s a priori. Depuis la d\u00e9cision de Marie-George Buffet de faire &#8220;cavali\u00e8re seule&#8221;, Bellaciao a renonc\u00e9 \u00e0 la libert\u00e9 d&#8217;expression. Tout ce qui s&#8217;\u00e9loigne de la ligne officielle de la direction du PCF est censur\u00e9 avant publication. Il n&#8217;y a plus de d\u00e9bat. Roberto Ferrario a choisi de soutenir cette candidature, c&#8217;est son droit. Le probl\u00e8me est que Bellaciao pi\u00e9tine sa charte fondatrice en publiant pl\u00e9thore d&#8217;articles et commentaires injurieux, diffamatoires, mensongers. Tous les contributeurs qui osent contredire ce pr\u00eat-\u00e0-penser sont censur\u00e9s et leurs adresses Internet interdites d&#8217;expression.<\/p>\n<p>Nous d\u00e9plorons le repli sectaire d&#8217;un site qui nagu\u00e8re combattait avec nous cette tyrannie lib\u00e9rale qui asservit l&#8217;humain et d\u00e9truit la plan\u00e8te. Nous sommes d\u00e9\u00e7us et pein\u00e9s par les injures, les insinuations et les propos blessants valid\u00e9s par les &#8220;mod\u00e9rateurs&#8221; de Bellaciao.<\/p>\n<p>Nous appellons solennellement nos camarades et amis de Bellaciao \u00e0 offrir aux internautes un espace qui privil\u00e9gie le d\u00e9bat d\u00b9id\u00e9es autour de nos 125 propositions aux attaques personnelles, et \u00e0 renouer ainsi avec l\u00b9ouverture et le dialogue.<\/p>\n<p>Nous les appelons enfin \u00e0 poursuivre avec nous la lutte commune contre notre principal ennemi : l&#8217;ultra-lib\u00e9ralisme sauvage.<\/p>\n<p>Avec toute notre amiti\u00e9, dans le respect mutuel de nos difff\u00e9rences.<\/p>\n<p><strong> Signataires : <\/strong><\/p>\n<p>Franck Merat (http:\/\/alternativeunitaire2007.org), Catherine Tricot (http:\/\/regards.fr), Laurent Bouvier (http:\/\/salades-nicoises.net), Marie-Ange Patrizio (traductrice, en particulier pour www.ilmanifesto.it et www.lettera22.it) Sophie Guiroy (http:\/\/alternativeunitaire2007.org), Jean-Robert Velveth (http:\/\/www.collectifdu29mai.org\/), Isabelle Barth\u00e9l\u00e9my (http:\/\/dual-web.org), Didier Demory (http:\/\/c.unitaire2007.34.free.fr\/), Christian Denis (http:\/\/grainvert.com et http:\/\/www.unisavecbove.org), Maud Guenfoud (http:\/\/www.unisavecbove.org), Minga (http:\/\/revoltes.net et http:\/\/www.unisavecbove.org)<\/p>\n<p>NB On apprenait, le 31 janvier, que Roberto Ferrario, administrateur du site Bella Ciao, faisait partie des 100 personnalit\u00e9s qui soutenaient MG Buffet. Des soutiens de cette nature, on les laisse au PCF&#8230;<\/p>\n<p><strong> mardi 30 janvier 2007 <\/strong><\/p>\n","protected":false},"excerpt":{"rendered":"<p> Lettre ouverte \u00e0 Roberto Ferrario, \u00e0 l&#8217;\u00e9quipe de Bellaciao, aux contributeurs et aux lecteurs de ce site. <\/p>\n","protected":false},"author":1,"featured_media":0,"comment_status":"open","ping_status":"open","sticky":false,"template":"","format":"standard","meta":{"_themeisle_gutenberg_block_has_review":false,"footnotes":""},"categories":[141],"tags":[287],"class_list":["post-2590","post","type-post","status-publish","format-standard","hentry","category-archives-web","tag-medias"],"_links":{"self":[{"href":"https:\/\/archives.regards.fr\/index.php?rest_route=\/wp\/v2\/posts\/2590","targetHints":{"allow":["GET"]}}],"collection":[{"href":"https:\/\/archives.regards.fr\/index.php?rest_route=\/wp\/v2\/posts"}],"about":[{"href":"https:\/\/archives.regards.fr\/index.php?rest_route=\/wp\/v2\/types\/post"}],"author":[{"embeddable":true,"href":"https:\/\/archives.regards.fr\/index.php?rest_route=\/wp\/v2\/users\/1"}],"replies":[{"embeddable":true,"href":"https:\/\/archives.regards.fr\/index.php?rest_route=%2Fwp%2Fv2%2Fcomments&post=2590"}],"version-history":[{"count":0,"href":"https:\/\/archives.regards.fr\/index.php?rest_route=\/wp\/v2\/posts\/2590\/revisions"}],"wp:attachment":[{"href":"https:\/\/archives.regards.fr\/index.php?rest_route=%2Fwp%2Fv2%2Fmedia&parent=2590"}],"wp:term":[{"taxonomy":"category","embeddable":true,"href":"https:\/\/archives.regards.fr\/index.php?rest_route=%2Fwp%2Fv2%2Fcategories&post=2590"},{"taxonomy":"post_tag","embeddable":true,"href":"https:\/\/archives.regards.fr\/index.php?rest_route=%2Fwp%2Fv2%2Ftags&post=2590"}],"curies":[{"name":"wp","href":"https:\/\/api.w.org\/{rel}","templated":true}]}}