{"id":2583,"date":"2007-01-24T00:00:00","date_gmt":"2007-01-23T23:00:00","guid":{"rendered":"https:\/\/wp.muchomaas.com\/le-guide-des-medias-alternatifs2583\/"},"modified":"2007-01-24T00:00:00","modified_gmt":"2007-01-23T23:00:00","slug":"le-guide-des-medias-alternatifs2583","status":"publish","type":"post","link":"https:\/\/archives.regards.fr\/?p=2583","title":{"rendered":"LE GUIDE DES MEDIAS ALTERNATIFS"},"content":{"rendered":"<p class=\"post_excerpt\"> Un groupe de journalistes a tent\u00e9 de regrouper l&#8217;ensemble des m\u00e9dias et des sources d&#8217;informations alternatifs que l&#8217;on peut trouver en France &#8230;Et c&#8217;est plut\u00f4t r\u00e9ussit ! <\/p>\n<p>Il fallait le faire : ce guide rassemble enfin une bonne partie des m\u00e9dias dits \u00ab alternatifs \u00bb. Selon ce guide, ce serait deux millions de personnes qui chaque mois, lisent des titres de presse alternative en France. Coordonn\u00e9 par le d\u00e9nomm\u00e9 Esteban et \u00e9dit\u00e9 par \u00ab Le p&#8217;tit gavroche \u00bb, cr\u00e9\u00e9 \u00e0 cette occasion,  ce livre pr\u00e9sente ce \u00ab village d&#8217;irr\u00e9ductibles m\u00e9dias alternatifs \u00bb qui \u00ab continue de r\u00e9sister aux marchands d&#8217;armes et de cerveaux \u00bb, permettant de \u00ab s&#8217;informer plus librement, avec des sources s\u00fbres car ind\u00e9pendantes et non li\u00e9es \u00e0 la pression des politiques ou des publicitaires \u00bb.<\/p>\n<p><strong> D\u00e9finition d&#8217;un m\u00e9dia \u00ab alternatif \u00bb <\/strong><\/p>\n<p>Le guide commence par un dossier sur ces m\u00e9dias, leur d\u00e9finition, les moyens d&#8217;en cr\u00e9er un ou de soutenir ceux existants. Selon les auteurs, le m\u00e9dia alternatif \u00ab type \u00bb (car tous les m\u00e9dias pr\u00e9sent\u00e9s ne remplissent pas forc\u00e9ment l&#8217;ensemble des crit\u00e8res \u00e9nonc\u00e9s) peut \u00eatre caract\u00e9ris\u00e9 ainsi : il cultive un \u00ab esprit critique vis-\u00e0-vis de la soci\u00e9t\u00e9 marchande et pyramidale, hi\u00e9rarchique \u00bb, \u00ab son fonctionnement rel\u00e8ve d&#8217;une structure d\u00e9mocratique \u00bb, il dispose d&#8217;\u00ab une autonomie financi\u00e8re \u00bb, ses sources d&#8217;informations sont \u00ab ind\u00e9pendantes, larges et multiples \u00bb, \u00ab il est libre de droits d&#8217;auteurs \u00bb, il entend \u00ab favoriser la coop\u00e9ration entre les r\u00e9dacteurs, les r\u00e9dactions \u00bb, \u00ab populaire, il doit \u00eatre lisible par le plus grand nombre \u00bb, il propose \u00ab un prix abordable \u00bb, \u00ab vise un esprit non-violent \u00bb, et \u00ab la f\u00e9minisation des textes et une \u00e9quipe de r\u00e9daction \u00e9quilibr\u00e9e femmes &#8211; hommes \u00bb sont favoris\u00e9es.<\/p>\n<p><strong> Des m\u00e9dias alter \u00e0 5000 exemplaires ! <\/strong><\/p>\n<p>En deuxi\u00e8me partie, le guide propose une pr\u00e9sentation d\u00e9taill\u00e9e de quelques m\u00e9dias alternatifs, comme \u00ab la Feuille \u00bb (\u00e0 Villeneuve sur Lot-et-Garonne), sorte de canard encha\u00een\u00e9 local, qui apr\u00e8s 30 ans d&#8217;existence est un hebdomadaire qui tire \u00e0 5000 exemplaires et emploie six salari\u00e9s. Puis on trouve une enqu\u00eate de \u00ab Fakir \u00bb \u00e0 Amiens, une pr\u00e9sentation d&#8217;Indym\u00e9dia Grenoble, de la revue \u00e9colo \u00ab Silence \u00bb \u00ab qui vit \u00e0 99% de ses ventes \u00bb, etc.<\/p>\n<p>Et enfin le guide publie l&#8217;annuaire des m\u00e9dias alternatifs, avec plus de 600 contacts de m\u00e9dias et de sources d&#8217;informations alternatifs. On y trouve de tr\u00e8s nombreuses revues, des plus connues (le Monde diplo, le Canard encha\u00een\u00e9, Politis), aux plus m\u00e9connues (La lettre \u00e0 lulu, L&#8217;agglorieuse, Courant alternatif, ou les Echos du chanvre). On y trouve \u00e9galement des dizaines de sites internet, des radios associatives ou des t\u00e9l\u00e9visions libres.<\/p>\n<p>Le collectif regroup\u00e9 autour d&#8217;Esteban n&#8217;entend pas s&#8217;arr\u00eater l\u00e0, et pr\u00e9voit de publier le guide des alternatives dans le Rh\u00f4ne, en Bretagne, et le guide des m\u00e9tiers et formations alternatives au printemps 2007. Puis ce sera au tour du guide des lieux-ressources alternatifs et des librairies ind\u00e9pendantes en septembre 2007, et enfin, le guide des alternatives \u00e0 Paris courant \u00e9t\u00e9 2008 ! <\/p>\n<p><strong> Coordonn\u00e9es : <\/strong><\/p>\n<p>\u00ab<em> Devenons des m\u00e9di@s alternatifs ! <\/em> \u00bb Guide des m\u00e9dias alternatifs et des sources d&#8217;informations diff\u00e9rentes. Premi\u00e8re \u00e9dition, septembre 2008, 10 euros.<\/p>\n<p><strong> contact : <\/strong> <\/p>\n<p>Editions le p&#8217;tit gavroche, 3 bis rue des lilas 69008 Lyon<\/p>\n<p>ptitgavroche@gmail.com<\/p>\n<p>www.guidaltern.org<\/p>\n<p><strong> Prochainement, sur le site de Regards <\/strong> : l&#8217;enregistrement audio d&#8217;un d\u00e9bat \u00e0 La Passerelle, \u00e0 Paris, o\u00f9 Esteban a pr\u00e9sent\u00e9 ce guide.<\/p>\n","protected":false},"excerpt":{"rendered":"<p> Un groupe de journalistes a tent\u00e9 de regrouper l&#8217;ensemble des m\u00e9dias et des sources d&#8217;informations alternatifs que l&#8217;on peut trouver en France &#8230;Et c&#8217;est plut\u00f4t r\u00e9ussit ! <\/p>\n","protected":false},"author":1,"featured_media":0,"comment_status":"open","ping_status":"open","sticky":false,"template":"","format":"standard","meta":{"_themeisle_gutenberg_block_has_review":false,"footnotes":""},"categories":[141],"tags":[287],"class_list":["post-2583","post","type-post","status-publish","format-standard","hentry","category-archives-web","tag-medias"],"_links":{"self":[{"href":"https:\/\/archives.regards.fr\/index.php?rest_route=\/wp\/v2\/posts\/2583","targetHints":{"allow":["GET"]}}],"collection":[{"href":"https:\/\/archives.regards.fr\/index.php?rest_route=\/wp\/v2\/posts"}],"about":[{"href":"https:\/\/archives.regards.fr\/index.php?rest_route=\/wp\/v2\/types\/post"}],"author":[{"embeddable":true,"href":"https:\/\/archives.regards.fr\/index.php?rest_route=\/wp\/v2\/users\/1"}],"replies":[{"embeddable":true,"href":"https:\/\/archives.regards.fr\/index.php?rest_route=%2Fwp%2Fv2%2Fcomments&post=2583"}],"version-history":[{"count":0,"href":"https:\/\/archives.regards.fr\/index.php?rest_route=\/wp\/v2\/posts\/2583\/revisions"}],"wp:attachment":[{"href":"https:\/\/archives.regards.fr\/index.php?rest_route=%2Fwp%2Fv2%2Fmedia&parent=2583"}],"wp:term":[{"taxonomy":"category","embeddable":true,"href":"https:\/\/archives.regards.fr\/index.php?rest_route=%2Fwp%2Fv2%2Fcategories&post=2583"},{"taxonomy":"post_tag","embeddable":true,"href":"https:\/\/archives.regards.fr\/index.php?rest_route=%2Fwp%2Fv2%2Ftags&post=2583"}],"curies":[{"name":"wp","href":"https:\/\/api.w.org\/{rel}","templated":true}]}}