{"id":2560,"date":"2006-01-01T00:00:00","date_gmt":"2005-12-31T23:00:00","guid":{"rendered":"https:\/\/wp.muchomaas.com\/des-ateliers-journalisme-a-bobigny2560\/"},"modified":"2006-01-01T00:00:00","modified_gmt":"2005-12-31T23:00:00","slug":"des-ateliers-journalisme-a-bobigny2560","status":"publish","type":"post","link":"https:\/\/archives.regards.fr\/?p=2560","title":{"rendered":"Des ateliers journalisme \u00e0 Bobigny"},"content":{"rendered":"<p>Ils s&#8217;appellent Mustapha, Fatoumata, Sihem, Mathy, Zina&#8230; Une quinzaine de jeunes adultes de Seine-Saint-Denis, en terminale, \u00e0 la fac ou d\u00e9j\u00e0 dans la vie active. Ils ont r\u00e9pondu \u00e0 une proposition : apprendre avec des professionnels les bases du journalisme et se lancer dans l&#8217;aventure de la cr\u00e9ation d&#8217;un journal. Nous les avons rencontr\u00e9s et avons \u00e9t\u00e9 conquis par leur motivation. Presque tous veulent devenir journalistes. Ils ont racont\u00e9 leurs craintes assez cr\u00fbment : en substance, \u00abpour les Noirs et les Arabes, c&#8217;est pas gagn\u00e9. Si en plus vous habitez Bobigny, ca n&#8217;arrange rien\u00bb. Ils ont raison. La presse dominante est blanche, masculine, parisienne et plut\u00f4t ais\u00e9e, Fatoumata, Mustapha, Sihem, Mathy et Zina le savent tr\u00e8s bien. Le r\u00e9sultat ? Difficile de se sentir concern\u00e9 par une presse qui vous repr\u00e9sente si peu. Ils auraient pourtant beaucoup \u00e0 dire. Presque unanimes, ils nous ont dit leur col\u00e8re sur ce traitement m\u00e9diatique des banlieues qu&#8217;ils jugent injuste. Alors rendez-vous est pris, le 9 janvier 2006, pour un bout de chemin ensemble. Nous voulons mettre quelques b\u00e2tons dans les roues d&#8217;une machine trop bien huil\u00e9e. Pendant pr\u00e8s de deux ans, nous nous retrouverons dans une salle de l&#8217;IUT de Bobigny. Nos partenaires (1) nous aideront \u00e0 leur donner le maximum : indispensable savoir-faire technique, culture de la presse mais aussi n\u00e9cessaire remise en question de la presse comme elle va. La formation sera exigeante et nous les avons avertis de la n\u00e9cessit\u00e9 d&#8217;un v\u00e9ritable investissement. A l&#8217;arriv\u00e9e, ils seront accueillis en stage dans les r\u00e9dactions partenaires, indispensable premier pas vers une possible insertion professionnelle.<\/p>\n<p><em> 1. Acrimed, Alternatives \u00e9conomiques, Bonjour Bobigny, Emi-CFD (Ecole des m\u00e9tiers de l&#8217;information), Marianne, Politis, T\u00e9moignage Chr\u00e9tien, L&#8217;Humanit\u00e9, La Ligue de l&#8217;enseignement&#8230; D&#8217;autres partenariats sont en cours, n&#8217;h\u00e9sitez pas \u00e0 nous joindre. Contact et renseignements : remi.douat@regards.fr <\/em><\/p>\n","protected":false},"excerpt":{"rendered":"<p>Ils s&#8217;appellent Mustapha, Fatoumata, Sihem, Mathy, Zina&#8230; Une quinzaine de jeunes adultes de Seine-Saint-Denis, en terminale, \u00e0 la fac ou d\u00e9j\u00e0 dans la vie active. Ils ont r\u00e9pondu \u00e0 une proposition : apprendre avec des professionnels les bases du journalisme et se lancer dans l&#8217;aventure de la cr\u00e9ation d&#8217;un journal. Nous les avons rencontr\u00e9s et [&hellip;]<\/p>\n","protected":false},"author":569,"featured_media":0,"comment_status":"open","ping_status":"open","sticky":false,"template":"","format":"standard","meta":{"_themeisle_gutenberg_block_has_review":false,"footnotes":""},"categories":[141],"tags":[287],"class_list":["post-2560","post","type-post","status-publish","format-standard","hentry","category-archives-web","tag-medias"],"_links":{"self":[{"href":"https:\/\/archives.regards.fr\/index.php?rest_route=\/wp\/v2\/posts\/2560","targetHints":{"allow":["GET"]}}],"collection":[{"href":"https:\/\/archives.regards.fr\/index.php?rest_route=\/wp\/v2\/posts"}],"about":[{"href":"https:\/\/archives.regards.fr\/index.php?rest_route=\/wp\/v2\/types\/post"}],"author":[{"embeddable":true,"href":"https:\/\/archives.regards.fr\/index.php?rest_route=\/wp\/v2\/users\/569"}],"replies":[{"embeddable":true,"href":"https:\/\/archives.regards.fr\/index.php?rest_route=%2Fwp%2Fv2%2Fcomments&post=2560"}],"version-history":[{"count":0,"href":"https:\/\/archives.regards.fr\/index.php?rest_route=\/wp\/v2\/posts\/2560\/revisions"}],"wp:attachment":[{"href":"https:\/\/archives.regards.fr\/index.php?rest_route=%2Fwp%2Fv2%2Fmedia&parent=2560"}],"wp:term":[{"taxonomy":"category","embeddable":true,"href":"https:\/\/archives.regards.fr\/index.php?rest_route=%2Fwp%2Fv2%2Fcategories&post=2560"},{"taxonomy":"post_tag","embeddable":true,"href":"https:\/\/archives.regards.fr\/index.php?rest_route=%2Fwp%2Fv2%2Ftags&post=2560"}],"curies":[{"name":"wp","href":"https:\/\/api.w.org\/{rel}","templated":true}]}}