{"id":2558,"date":"2006-01-01T00:00:00","date_gmt":"2005-12-31T23:00:00","guid":{"rendered":"https:\/\/wp.muchomaas.com\/michel-warschawski-mettre-fin-au2558\/"},"modified":"2006-01-01T00:00:00","modified_gmt":"2005-12-31T23:00:00","slug":"michel-warschawski-mettre-fin-au2558","status":"publish","type":"post","link":"https:\/\/archives.regards.fr\/?p=2558","title":{"rendered":"Michel Warschawski : \u00ab Mettre fin au consensus s\u00e9curitaire en Isra\u00ebl\u00bb"},"content":{"rendered":"<p class=\"post_excerpt\">En Isra\u00ebl, \u00e0 peine \u00e9lu, le nouveau leader du parti travailliste, Amir Peretz, a demand\u00e9 \u00e0 ses troupes de quitter le gouvernement d&#8217;Ariel Sharon. Des \u00e9lections l\u00e9gislatives auront lieu le 28 mars. D\u00e9cryptage et commentaire de Michel Warschawski. <\/p>\n<p><strong>Regards.fr:<\/strong> <strong> <em>Amir Peretz a-t-il \u00e9t\u00e9 \u00e9lu \u00e0 la t\u00eate du parti travailliste\u00a0sur son programme ou simplement parce que les militants ont voulu en finir avec Shimon P\u00e9r\u00e8s?<\/em> <\/strong><\/p>\n<p><strong> Michel Warschawski: <\/strong> Plusieurs \u00e9l\u00e9ments ont jou\u00e9 en sa faveur : d&#8217;abord, les travaillistes ont pris conscience que si leur parti ne recommen\u00e7ait pas tr\u00e8s vite \u00e0 d\u00e9fendre un programme sp\u00e9cifique, marqu\u00e9 au moins un tout petit peu \u00e0 gauche, m\u00eame d&#8217;un rose tr\u00e8s p\u00e2le, il risquait de dispara\u00eetre. Et c&#8217;est Amir Peretz qui incarnait le renouveau face \u00e0 un Shimon P\u00e9r\u00e8s li\u00e9 au Likoud. Ensuite, une part importante des militants, peut-\u00eatre la majorit\u00e9 d&#8217;entre eux, en a assez de la politique actuelle o\u00f9 sont impliqu\u00e9s des ministres travaillistes, et estime que le temps est venu de passer \u00e0 autre chose. Enfin, son personnage de \u00abbaroudeur marocain\u00bb a probablement fonctionn\u00e9 en partie aupr\u00e8s de ses \u00e9lecteurs. Peretz a \u00e9t\u00e9 \u00e9lu mais il va maintenant devoir essuyer des coups bas en interne. Amram Mitzna avait \u00e9t\u00e9 lamin\u00e9 par les vieux cadres bourgeois du parti, apr\u00e8s sa d\u00e9faite [[Mitzna \u00e9tait le leader du parti travailliste lors de la large d\u00e9faite subie aux l\u00e9gislatives de janvier 2003.]]. Cela dit, ce sera moins facile de faire chuter Peretz, m\u00eame s&#8217;il perd en mars. C&#8217;est un bagarreur et il peut compter sur son r\u00e9seau de la centrale Histadrout.<\/p>\n<p><strong>Regards.fr:<\/strong> <strong> <em>Quelles perspectives ouvre ce changement\u00a0de leader travailliste?<\/em> <\/strong> <\/p>\n<p><strong> Michel Warschawski:<\/strong> Il ne faut pas se bercer d&#8217;illusions, Amir Peretz n&#8217;est ni Che Guevara, ni Arafat&#8230; Mais il repr\u00e9sente le retour \u00e0 un travaillisme traditionnel, celui de Rabin ou de Beilin. Sur le plan des n\u00e9gociations avec les Palestiniens, on peut consid\u00e9rer qu&#8217;il est assez proche de l&#8217;initiative de Gen\u00e8ve, m\u00eame s&#8217;il s&#8217;en d\u00e9fend [[L&#8217;initiative de Gen\u00e8ve est un projet d&#8217;accord de paix palestino-isra\u00e9lien sign\u00e9 le 1er d\u00e9cembre 2003. Plan non officiel, il propose un r\u00e8glement d\u00e9finitif du conflit sur les bases des r\u00e9solutions de l&#8217;ONU. Il a \u00e9t\u00e9 port\u00e9, c\u00f4t\u00e9 isra\u00e9lien, par Yossi Beilin, leader du parti de gauche Meretz-Yahad.]]. Il faut d&#8217;ailleurs noter que durant les cinq ann\u00e9es, tr\u00e8s dures, qui s&#8217;ach\u00e8vent, on n&#8217;a jamais entendu Peretz se joindre aux chorales haineuses qui se sont r\u00e9guli\u00e8rement \u00e9lev\u00e9es contre les Palestiniens. Sur le plan int\u00e9rieur, un \u00e9l\u00e9ment important est qu&#8217;il remet le social \u00e0 l&#8217;ordre du jour en Isra\u00ebl o\u00f9 la situation est r\u00e9ellement dramatique pour une tr\u00e8s grande partie de la population qui s&#8217;installe dans la pauvret\u00e9. Mais dans le contexte actuel, son arriv\u00e9e est avant tout une bonne nouvelle parce qu&#8217;elle devrait permettre de mettre fin au consensus adopt\u00e9 par l&#8217;\u00e9chiquier politique isra\u00e9lien ces derni\u00e8res ann\u00e9es : au nom de la lutte contre l&#8217;ins\u00e9curit\u00e9, seule la ligne de conduite brutale de Sharon \u00e9tait possible. Il faut esp\u00e9rer qu&#8217;il pourra redonner un sens \u00e0 ce d\u00e9bat politique dans lequel la question s\u00e9curitaire a \u00e9t\u00e9 sacralis\u00e9e.<\/p>\n<p><strong>Regards.fr:<\/strong> <strong> <em>Quelles cons\u00e9quences aura, sur le paysage politique isra\u00e9lien, l&#8217;arriv\u00e9e de Kadima, le nouveau parti d&#8217;Ariel Sharon?<\/em> <\/strong> <\/p>\n<p><strong> Michel Warschawski:<\/strong> En quittant le Likoud, qui devenait ing\u00e9rable avec les prises de position extr\u00eame-extr\u00eame-droite de certains de ses leaders et des d\u00e9rives quasi mafieuses, Sharon a fait un pari. Si l&#8217;on se fie aux sondages qui ont suivi son d\u00e9part, et aux personnalit\u00e9s qui l&#8217;ont rejoint, ce pari s&#8217;av\u00e8re payant : Kadima est donn\u00e9 en t\u00eate des intentions de vote. Mais je me garderai de faire des pronostics. Les choses vont bouger en quatre mois. La question de la s\u00e9curit\u00e9 va jouer. Beaucoup d&#8217;ins\u00e9curit\u00e9 ferait le jeu du Likoud, un peu d&#8217;ins\u00e9curit\u00e9, celui de Sharon et un calme absolu aiderait Peretz. Aussi, il faut s&#8217;attendre \u00e0 ce que, d&#8217;ici les \u00e9lections, Sharon essaie de maintenir une situation \u00e0 la fois tendue et contenue. Pour prouver que la guerre n&#8217;est pas finie mais qu&#8217;il contr\u00f4le malgr\u00e9 tout la situation. Ce qui est un jeu tr\u00e8s dangereux, puisque cela peut toujours d\u00e9raper&#8230;<\/p>\n<p><strong>Regards.fr:<\/strong> <strong> <em>Le r\u00e9sultat des \u00e9lections l\u00e9gislatives palestiniennes peut-il influer sur la vie politique isra\u00e9lienne? Comment serait per\u00e7u, par exemple, un tr\u00e8s bon score du Hamas?<\/em> <\/strong> <\/p>\n<p><strong> Michel Warschawski:<\/strong> Isra\u00ebl est dans l&#8217;unilat\u00e9ralisme, en permanence. Aussi, quel qu&#8217;il soit, le r\u00e9sultat des \u00e9lections du 25 janvier aura peu de cons\u00e9quences sur la politique isra\u00e9lienne qui n&#8217;est en rien d\u00e9termin\u00e9e par ce qui se passe chez les Palestiniens. Les responsables isra\u00e9liens analyseront le r\u00e9sultat, s&#8217;en serviront, cela modifiera leurs angles d&#8217;attaque de propagande, mais pas leur politique. Une victoire du Hamas aurait surtout d&#8217;importantes cons\u00e9quences sur le plan de la diplomatie internationale. <\/p>\n","protected":false},"excerpt":{"rendered":"<p>En Isra\u00ebl, \u00e0 peine \u00e9lu, le nouveau leader du parti travailliste, Amir Peretz, a demand\u00e9 \u00e0 ses troupes de quitter le gouvernement d&#8217;Ariel Sharon. Des \u00e9lections l\u00e9gislatives auront lieu le 28 mars. D\u00e9cryptage et commentaire de Michel Warschawski. <\/p>\n","protected":false},"author":558,"featured_media":0,"comment_status":"open","ping_status":"open","sticky":false,"template":"","format":"standard","meta":{"_themeisle_gutenberg_block_has_review":false,"footnotes":""},"categories":[141],"tags":[293,332,333],"class_list":["post-2558","post","type-post","status-publish","format-standard","hentry","category-archives-web","tag-entretien","tag-palestine","tag-proche-et-moyen-orient"],"_links":{"self":[{"href":"https:\/\/archives.regards.fr\/index.php?rest_route=\/wp\/v2\/posts\/2558","targetHints":{"allow":["GET"]}}],"collection":[{"href":"https:\/\/archives.regards.fr\/index.php?rest_route=\/wp\/v2\/posts"}],"about":[{"href":"https:\/\/archives.regards.fr\/index.php?rest_route=\/wp\/v2\/types\/post"}],"author":[{"embeddable":true,"href":"https:\/\/archives.regards.fr\/index.php?rest_route=\/wp\/v2\/users\/558"}],"replies":[{"embeddable":true,"href":"https:\/\/archives.regards.fr\/index.php?rest_route=%2Fwp%2Fv2%2Fcomments&post=2558"}],"version-history":[{"count":0,"href":"https:\/\/archives.regards.fr\/index.php?rest_route=\/wp\/v2\/posts\/2558\/revisions"}],"wp:attachment":[{"href":"https:\/\/archives.regards.fr\/index.php?rest_route=%2Fwp%2Fv2%2Fmedia&parent=2558"}],"wp:term":[{"taxonomy":"category","embeddable":true,"href":"https:\/\/archives.regards.fr\/index.php?rest_route=%2Fwp%2Fv2%2Fcategories&post=2558"},{"taxonomy":"post_tag","embeddable":true,"href":"https:\/\/archives.regards.fr\/index.php?rest_route=%2Fwp%2Fv2%2Ftags&post=2558"}],"curies":[{"name":"wp","href":"https:\/\/api.w.org\/{rel}","templated":true}]}}