{"id":2542,"date":"2006-06-01T00:00:00","date_gmt":"2006-05-31T22:00:00","guid":{"rendered":"https:\/\/wp.muchomaas.com\/la-raison-du-plus-faible-un-polar2542\/"},"modified":"2006-06-01T00:00:00","modified_gmt":"2006-05-31T22:00:00","slug":"la-raison-du-plus-faible-un-polar2542","status":"publish","type":"post","link":"https:\/\/archives.regards.fr\/?p=2542","title":{"rendered":"&#8220;La Raison du plus faible&#8221;, un polar social"},"content":{"rendered":"<p class=\"post_excerpt\"><em> La Raison du plus faible <\/em>, de Lucas Belvaux, renoue avec le cin\u00e9ma d&#8217;auteur populaire. Fait divers et m\u00e9moire cin\u00e9phile cohabitent dans ce polar social ouvert sur la r\u00e9alit\u00e9 m\u00e9lang\u00e9e de la classe ouvri\u00e8re d&#8217;aujoud&#8217;hui. <\/p>\n<p>Humain, boiteux, travaill\u00e9 par mille contradictions, oppositions des genres, d\u00e9s\u00e9quilibres des forces, La Raison du plus faible fut l&#8217;une des \u0153uvres les plus grin\u00e7antes, les moins polic\u00e9es, de cette \u00e9dition cannoise 2006. Le film s&#8217;ouvre sur un lever de rideau matinal et choral, petit matin plut\u00f4t que grand soir : Robert (Claude Semal) s&#8217;enfile une bi\u00e8re dans son plumard, Jean-Pierre (Patrick Decamps) peine \u00e0 se hisser sur sa chaise d&#8217;handicap\u00e9, Patrick (Eric Caravaca) conseille \u00e0 sa femme Carole (Natacha R\u00e9gnier) de prendre un petit-d\u00e9jeuner avant d&#8217;aider celle-ci \u00e0 d\u00e9marrer sa vieille mobylette. Se lever, on le sent d&#8217;embl\u00e9e, c&#8217;est \u00eatre digne. Carole rejoint sa laverie industrielle quand Marc (Lucas Belvaux), ancien taulard, braqueur r\u00e9ins\u00e9r\u00e9, se d\u00e9m\u00e8ne \u00e0 l&#8217;embouteillage (de bi\u00e8re Jupiler). Certains tapent le carton, jouent au Loto ou attendent \u00ab que \u00e7a pousse \u00bb (les radis) dans leur jardin-parcelle ; les autres bossent. Le tournage a d\u00fb s&#8217;inserrer dans les cha\u00eenes de production qui n&#8217;ont pas \u00e9t\u00e9 bloqu\u00e9es pour l&#8217;occasion. Dans des h\u00f4tels de Belgique, des clients, raconte Belvaux, ont donc dormi dans des draps repass\u00e9s par Natacha R\u00e9gnier&#8230; A Li\u00e8ge, la m\u00e9moire des m\u00e9tallos, \u00ab aristocratie ouvri\u00e8re \u00bb, dit-on au fils en visite scolaire p\u00e9dagogique \u00e0 l&#8217;usine, est d\u00e9j\u00e0 patrimonialis\u00e9e, loin derri\u00e8re. Non, \u00e7a ne pousse plus ; les carottes sont cuites. Les forts se sont chang\u00e9s en faibles. A ces faibles, laiss\u00e9s-pour-compte, exclus, ch\u00f4meurs, Belvaux donne des raisons. Des raisons d&#8217;agir, de se r\u00e9volter, de vivre. Et le temps de mourir.<\/p>\n<p>Film braqueur, polar social, La Raison du plus faible est n\u00e9 d&#8217;un c\u00e9l\u00e8bre fait divers belge qui a servi d&#8217;appel de fiction. Un hold-up men\u00e9 par des (grands) bandits qui s&#8217;est achev\u00e9 dans une tour de Li\u00e8ge : encercl\u00e9 par la police, le truand a fait pleuvoir l&#8217;argent sur la foule. Cette s\u00e9quence a inspir\u00e9 toute la fin du film situ\u00e9e en haut d&#8217;une barre o\u00f9 se d\u00e9roule la mort du personnage interpr\u00e9t\u00e9 par Lucas Belvaux qui reprend son emploi de braqueur de Cavale. Fait divers et m\u00e9moire cin\u00e9phile cohabitent ici, si l&#8217;on se souvient du final de L&#8217;Ultime Razzia de Stanley Kubrick et de l&#8217;envol\u00e9e de billets sur le tarmac de l&#8217;a\u00e9roport comme du g\u00e9n\u00e9rique d&#8217;ouverture de Main basse sur la ville de Francesco Rosi, enfilade de plans a\u00e9riens sur Naples. La ville de Li\u00e8ge : o\u00f9 tournent \u00e9galement les fr\u00e8res Dardenne : (et ses usines) n&#8217;avait jamais \u00e9t\u00e9 film\u00e9e avec autant de force. Le casse dirig\u00e9 contre la fonderie restera le moment d&#8217;anthologie du film : trag\u00e9die v\u00e9cue par ces braqueurs du dimanche qui ne parviennent pas \u00e0 se r\u00e9approprier ce qui leur revient symboliquement. C&#8217;est au spectateur d&#8217;attraper au vol l&#8217;un de ces billets \u00e9chou\u00e9s dans les cieux, signe de la conception g\u00e9n\u00e9reuse du cin\u00e9ma de Lucas Belvaux, d&#8217;un geste humain, relationnel, ouvert sur l&#8217;autre.<\/p>\n","protected":false},"excerpt":{"rendered":"<p><em> La Raison du plus faible <\/em>, de Lucas Belvaux, renoue avec le cin\u00e9ma d&#8217;auteur populaire. Fait divers et m\u00e9moire cin\u00e9phile cohabitent dans ce polar social ouvert sur la r\u00e9alit\u00e9 m\u00e9lang\u00e9e de la classe ouvri\u00e8re d&#8217;aujoud&#8217;hui. <\/p>\n","protected":false},"author":572,"featured_media":0,"comment_status":"open","ping_status":"open","sticky":false,"template":"","format":"standard","meta":{"_themeisle_gutenberg_block_has_review":false,"footnotes":""},"categories":[141],"tags":[299],"class_list":["post-2542","post","type-post","status-publish","format-standard","hentry","category-archives-web","tag-cinema"],"_links":{"self":[{"href":"https:\/\/archives.regards.fr\/index.php?rest_route=\/wp\/v2\/posts\/2542","targetHints":{"allow":["GET"]}}],"collection":[{"href":"https:\/\/archives.regards.fr\/index.php?rest_route=\/wp\/v2\/posts"}],"about":[{"href":"https:\/\/archives.regards.fr\/index.php?rest_route=\/wp\/v2\/types\/post"}],"author":[{"embeddable":true,"href":"https:\/\/archives.regards.fr\/index.php?rest_route=\/wp\/v2\/users\/572"}],"replies":[{"embeddable":true,"href":"https:\/\/archives.regards.fr\/index.php?rest_route=%2Fwp%2Fv2%2Fcomments&post=2542"}],"version-history":[{"count":0,"href":"https:\/\/archives.regards.fr\/index.php?rest_route=\/wp\/v2\/posts\/2542\/revisions"}],"wp:attachment":[{"href":"https:\/\/archives.regards.fr\/index.php?rest_route=%2Fwp%2Fv2%2Fmedia&parent=2542"}],"wp:term":[{"taxonomy":"category","embeddable":true,"href":"https:\/\/archives.regards.fr\/index.php?rest_route=%2Fwp%2Fv2%2Fcategories&post=2542"},{"taxonomy":"post_tag","embeddable":true,"href":"https:\/\/archives.regards.fr\/index.php?rest_route=%2Fwp%2Fv2%2Ftags&post=2542"}],"curies":[{"name":"wp","href":"https:\/\/api.w.org\/{rel}","templated":true}]}}