{"id":2528,"date":"2006-06-01T00:00:00","date_gmt":"2006-05-31T22:00:00","guid":{"rendered":"https:\/\/wp.muchomaas.com\/les-prosperites-du-vice2528\/"},"modified":"2006-06-01T00:00:00","modified_gmt":"2006-05-31T22:00:00","slug":"les-prosperites-du-vice2528","status":"publish","type":"post","link":"https:\/\/archives.regards.fr\/?p=2528","title":{"rendered":"Les prosp\u00e9rit\u00e9s du vice"},"content":{"rendered":"<p>Malgr\u00e9 les discours cat\u00e9goriques sur les bienfaits du lib\u00e9ralisme, sa mise en \u0153uvre se heurte \u00e0 toute une s\u00e9rie d&#8217;obstacles et de d\u00e9saveux. On pense bien s\u00fbr au point d&#8217;arr\u00eat mis en France au processus de d\u00e9construction du droit du travail, mais on peut trouver d&#8217;autres exemples dans les pays voisins.<\/p>\n<p>L&#8217;Allemagne, la principale \u00e9conomie europ\u00e9enne, est aujourd&#8217;hui enferr\u00e9e dans une double contradiction qui d\u00e9coule de ses orientations lib\u00e9rales. Le blocage absolu des salaires instaur\u00e9 par le gouvernement rouge-vert a certes permis de r\u00e9tablir la comp\u00e9titivit\u00e9, et les exportations ont augment\u00e9 de 30 % entre 2000 et 2005. Mais la demande int\u00e9rieure, plomb\u00e9e par cette aust\u00e9rit\u00e9 salariale, a recul\u00e9 dans le m\u00eame temps de 2 %. Les r\u00e9formes du march\u00e9 du travail ont conduit \u00e0 des cr\u00e9ations d&#8217;emplois pr\u00e9caires qui n&#8217;ont pas r\u00e9ussi \u00e0 compenser les baisses d&#8217;emplois standard et les r\u00e9ductions d&#8217;effectifs dans les services publics. Le sentiment d&#8217;ins\u00e9curit\u00e9 suscit\u00e9 par ces \u00ab r\u00e9formes \u00bb a conduit \u00e0 une progression du taux d&#8217;\u00e9pargne qui est venue peser encore plus sur la croissance.<\/p>\n<p>La seconde contradiction d\u00e9coule des choix budg\u00e9taires du gouvernement de grande coalition qui a d\u00e9cid\u00e9 d&#8217;augmenter la TVA. Une telle mesure est pr\u00e9sent\u00e9e par certains comme un moyen de se prot\u00e9ger de la mondialisation, \u00e0 l&#8217;\u00e9chelle d&#8217;un pays ou de l&#8217;Europe. Et elle va effectivement rench\u00e9rir le prix des importations sans toucher \u00e0 celui des exportations, tout en d\u00e9gageant des recettes suppl\u00e9mentaires qui permettront \u00e0 l&#8217;Allemagne de se rapprocher des crit\u00e8res \u00e9dict\u00e9s par le Pacte de stabilit\u00e9. Mais il n&#8217;y a pas de miracle : ce surcro\u00eet d&#8217;imp\u00f4t va rogner le pouvoir d&#8217;achat des salari\u00e9s et mettre fin rapidement \u00e0 l&#8217;esquisse de reprise \u00e9conomique. Bref, l&#8217;excellent \u00e9l\u00e8ve allemand, qui applique fid\u00e8lement les recettes lib\u00e9rales, n&#8217;est pas pr\u00eat de sortir de la langueur \u00e9conomique et du ch\u00f4mage de masse. Ce n&#8217;est donc pas un hasard si le d\u00e9bat sur l&#8217;introduction d&#8217;un salaire minimum bat son plein en Allemagne.<\/p>\n<p>Au Royaume-Uni, la mobilisation des fonctionnaires, ainsi que les pitoyables r\u00e9sultats du Parti travailliste aux derni\u00e8res \u00e9lections, ont conduit le gouvernement \u00e0 revenir en arri\u00e8re sur le dossier des retraites et \u00e0 r\u00e9tablir l&#8217;indexation des pensions sur les salaires et non plus sur les prix. Certes, cette mesure n&#8217;interviendrait qu&#8217;en 2012 et serait compens\u00e9e par une augmentation de l&#8217;\u00e2ge de la retraite de 65 \u00e0 66 ans d&#8217;ici 2020, mais elle repr\u00e9sente n\u00e9anmoins un double constat d&#8217;\u00e9chec. La finance n&#8217;a pas tenu ses promesses et le repli de la Bourse a conduit \u00e0 une faillite virtuelle de nombreux fonds de pension. Et la baisse du taux de remplacement assur\u00e9 par les retraites publiques, qui avait d\u00e9j\u00e0 chut\u00e9 de 20 % \u00e0 13 % au cours de la derni\u00e8re d\u00e9cennie, devenait socialement insoutenable.<\/p>\n<p>En Espagne, l&#8217;accord que Zapatero est en train de finaliser avec les syndicats fait le pari douteux que l&#8217;assouplissement des CDI permettra de r\u00e9duire la proportion de salari\u00e9s sur contrats de travail temporaires (34 %). Mais ses consid\u00e9rants r\u00e9cusent le postulat lib\u00e9ral selon lequel la flexibilit\u00e9 permet d&#8217;am\u00e9liorer la productivit\u00e9 et la comp\u00e9titivit\u00e9.<\/p>\n<p>Voil\u00e0 autant de remises en cause implicites que l&#8217;on peut rapprocher d&#8217;une contribution r\u00e9cente de Patrick Artus, l&#8217;\u00e9conomiste en chef d&#8217;Ixis (ex-Caisse des d\u00e9p\u00f4ts). Corr\u00e9lations statistiques \u00e0 l&#8217;appui, il montre que le \u00ab vice \u00bb l&#8217;emporte sur la \u00ab vertu \u00bb (1). Ce sont en effet les pays o\u00f9 l&#8217;augmentation des co\u00fbts de production, de l&#8217;endettement, des d\u00e9ficits ext\u00e9rieurs et des prix de l&#8217;immobilier a \u00e9t\u00e9 la plus forte qui ont le mieux r\u00e9ussi \u00e0 faire reculer le ch\u00f4mage et \u00e0 cr\u00e9er des emplois. En sens inverse, les pays \u00ab vertueux \u00bb, ceux qui ont fait des efforts particuliers en mati\u00e8re d&#8217;innovation, de productivit\u00e9 ou d&#8217;exportation, ont enregistr\u00e9 de mauvais r\u00e9sultats sur le front de l&#8217;emploi. Une personne rationnelle pourrait se demander s&#8217;il ne faut pas remettre en cause le pr\u00e9cepte de l&#8217;\u00e9vangile qui fait de la progression des salaires un vice. Mais telle n&#8217;est pas la logique de l&#8217;\u00e9conomiste orthodoxe, qui conclut autrement : \u00ab Il faut donc attendre plus de dix ans pour obtenir les b\u00e9n\u00e9fices associ\u00e9s \u00e0 la vertu. \u00bb Et combien de temps faudra-t-il aux gardiens du temple pour abandonner leur croyance obstin\u00e9e dans le dogme ? <\/p>\n<p><em> 1. Patrick Artus, \u00ab Quelles semblent \u00eatre les meilleures strat\u00e9gies pour r\u00e9duire le ch\u00f4mage ?Un hommage au vice et \u00e0 la patience \u00bb, Flash n\u00b02006-134, mars 2006. http: <\/em>hussonet.free.fr\/cdc6134.pdf\/\/<\/p>\n","protected":false},"excerpt":{"rendered":"<p>Malgr\u00e9 les discours cat\u00e9goriques sur les bienfaits du lib\u00e9ralisme, sa mise en \u0153uvre se heurte \u00e0 toute une s\u00e9rie d&#8217;obstacles et de d\u00e9saveux. On pense bien s\u00fbr au point d&#8217;arr\u00eat mis en France au processus de d\u00e9construction du droit du travail, mais on peut trouver d&#8217;autres exemples dans les pays voisins. L&#8217;Allemagne, la principale \u00e9conomie [&hellip;]<\/p>\n","protected":false},"author":1,"featured_media":0,"comment_status":"open","ping_status":"open","sticky":false,"template":"","format":"standard","meta":{"_themeisle_gutenberg_block_has_review":false,"footnotes":""},"categories":[16],"tags":[],"class_list":["post-2528","post","type-post","status-publish","format-standard","hentry","category-michel-husson"],"_links":{"self":[{"href":"https:\/\/archives.regards.fr\/index.php?rest_route=\/wp\/v2\/posts\/2528","targetHints":{"allow":["GET"]}}],"collection":[{"href":"https:\/\/archives.regards.fr\/index.php?rest_route=\/wp\/v2\/posts"}],"about":[{"href":"https:\/\/archives.regards.fr\/index.php?rest_route=\/wp\/v2\/types\/post"}],"author":[{"embeddable":true,"href":"https:\/\/archives.regards.fr\/index.php?rest_route=\/wp\/v2\/users\/1"}],"replies":[{"embeddable":true,"href":"https:\/\/archives.regards.fr\/index.php?rest_route=%2Fwp%2Fv2%2Fcomments&post=2528"}],"version-history":[{"count":0,"href":"https:\/\/archives.regards.fr\/index.php?rest_route=\/wp\/v2\/posts\/2528\/revisions"}],"wp:attachment":[{"href":"https:\/\/archives.regards.fr\/index.php?rest_route=%2Fwp%2Fv2%2Fmedia&parent=2528"}],"wp:term":[{"taxonomy":"category","embeddable":true,"href":"https:\/\/archives.regards.fr\/index.php?rest_route=%2Fwp%2Fv2%2Fcategories&post=2528"},{"taxonomy":"post_tag","embeddable":true,"href":"https:\/\/archives.regards.fr\/index.php?rest_route=%2Fwp%2Fv2%2Ftags&post=2528"}],"curies":[{"name":"wp","href":"https:\/\/api.w.org\/{rel}","templated":true}]}}