{"id":2493,"date":"2006-09-01T00:00:00","date_gmt":"2006-08-31T22:00:00","guid":{"rendered":"https:\/\/wp.muchomaas.com\/choisir-l-unite2493\/"},"modified":"2006-09-01T00:00:00","modified_gmt":"2006-08-31T22:00:00","slug":"choisir-l-unite2493","status":"publish","type":"post","link":"https:\/\/archives.regards.fr\/?p=2493","title":{"rendered":"Choisir l&#8217;unit\u00e9"},"content":{"rendered":"<p>Un programme, une strat\u00e9gie&#8230; Reste \u00e0 trouver le ou la candidate qui incarnera tout cela aux yeux de l&#8217;opinion. Car m\u00eame si la parole sera port\u00e9e \u00e0 plusieurs voix, le bulletin dans l&#8217;urne, lui, ne comportera qu&#8217;un seul nom. Or il n&#8217;est pas si simple, dans le kal\u00e9idoscope de la gauche alternative, de d\u00e9finir la meilleure proc\u00e9dure de choix. Se contentera-t-on des tractations d&#8217;\u00e9tat-major ou de clans ? Ce ne serait pas dans la logique d&#8217;un mouvement que la campagne contre le projet de Constitution europ\u00e9enne a install\u00e9 comme avant tout militant. Recourra-t-on \u00e0 l&#8217;organisation de primaires ? A priori la m\u00e9thode semble la plus \u00e9vidente et la plus d\u00e9mocratique. Mais les risques sont gigantesques : le flou de la d\u00e9finition du corps \u00e9lectoral, les tentations des manipulations, par les groupes les plus nombreux ou les plus dynamiques. Ajoutons-y la spirale possible de la concurrence, du d\u00e9nigrement, le retour des vieilles rivalit\u00e9s, des m\u00e9fiances, des pr\u00e9ventions que les batailles communes ont \u00e9corn\u00e9es mais n&#8217;ont pas effac\u00e9es totalement. A l&#8217;arriv\u00e9e, on pourrait trouver le m\u00e9contentement des organisations install\u00e9es et donc resurgir la calamit\u00e9 de la division.<\/p>\n<p>La primaire classique est trop al\u00e9atoire, trop dangereuse&#8230; Sans doute vaut-il mieux essayer de prolonger la logique qui fut celle des collectifs du \u00ab non \u00bb lors du r\u00e9f\u00e9rendum de 2005. L&#8217;objectif devrait \u00eatre de chercher avant tout le consensus le plus large, la personnalit\u00e9 capable de rassembler le plus grand nombre de celles et ceux qui s&#8217;engagent et d&#8217;attirer la part la plus importante de ceux qui, \u00e0 gauche, ne se r\u00e9signent pas \u00e0 l&#8217;alternance. Sur la base de ce consensus, chaque force se d\u00e9terminera en toute conscience. Mais d\u00e8s l&#8217;instant o\u00f9 l&#8217;accord se fait sur l&#8217;essentiel d&#8217;un projet et sur une d\u00e9marche politique fondamentale, et si, sur cette base, un consensus s&#8217;installe sur un nom (le-la candidate) et sur des noms (les porte-parole), qui courrait le risque, pour d&#8217;improbables int\u00e9r\u00eats partisans, de porter un coup de poignard \u00e0 l&#8217;unit\u00e9 ?<\/p>\n","protected":false},"excerpt":{"rendered":"<p>Un programme, une strat\u00e9gie&#8230; Reste \u00e0 trouver le ou la candidate qui incarnera tout cela aux yeux de l&#8217;opinion. Car m\u00eame si la parole sera port\u00e9e \u00e0 plusieurs voix, le bulletin dans l&#8217;urne, lui, ne comportera qu&#8217;un seul nom. Or il n&#8217;est pas si simple, dans le kal\u00e9idoscope de la gauche alternative, de d\u00e9finir la [&hellip;]<\/p>\n","protected":false},"author":328,"featured_media":0,"comment_status":"open","ping_status":"open","sticky":false,"template":"","format":"standard","meta":{"_themeisle_gutenberg_block_has_review":false,"footnotes":""},"categories":[141],"tags":[328],"class_list":["post-2493","post","type-post","status-publish","format-standard","hentry","category-archives-web","tag-editorial"],"_links":{"self":[{"href":"https:\/\/archives.regards.fr\/index.php?rest_route=\/wp\/v2\/posts\/2493","targetHints":{"allow":["GET"]}}],"collection":[{"href":"https:\/\/archives.regards.fr\/index.php?rest_route=\/wp\/v2\/posts"}],"about":[{"href":"https:\/\/archives.regards.fr\/index.php?rest_route=\/wp\/v2\/types\/post"}],"author":[{"embeddable":true,"href":"https:\/\/archives.regards.fr\/index.php?rest_route=\/wp\/v2\/users\/328"}],"replies":[{"embeddable":true,"href":"https:\/\/archives.regards.fr\/index.php?rest_route=%2Fwp%2Fv2%2Fcomments&post=2493"}],"version-history":[{"count":0,"href":"https:\/\/archives.regards.fr\/index.php?rest_route=\/wp\/v2\/posts\/2493\/revisions"}],"wp:attachment":[{"href":"https:\/\/archives.regards.fr\/index.php?rest_route=%2Fwp%2Fv2%2Fmedia&parent=2493"}],"wp:term":[{"taxonomy":"category","embeddable":true,"href":"https:\/\/archives.regards.fr\/index.php?rest_route=%2Fwp%2Fv2%2Fcategories&post=2493"},{"taxonomy":"post_tag","embeddable":true,"href":"https:\/\/archives.regards.fr\/index.php?rest_route=%2Fwp%2Fv2%2Ftags&post=2493"}],"curies":[{"name":"wp","href":"https:\/\/api.w.org\/{rel}","templated":true}]}}