{"id":2480,"date":"2006-10-01T00:00:00","date_gmt":"2006-09-30T22:00:00","guid":{"rendered":"https:\/\/wp.muchomaas.com\/musique-aimez-vous-vraiment-brahms2480\/"},"modified":"2006-10-01T00:00:00","modified_gmt":"2006-09-30T22:00:00","slug":"musique-aimez-vous-vraiment-brahms2480","status":"publish","type":"post","link":"https:\/\/archives.regards.fr\/?p=2480","title":{"rendered":"Musique : Aimez-vous vraiment Brahms ?"},"content":{"rendered":"<p class=\"post_excerpt\"> Quelle place occupe la musique classique dans le passe-temps des Fran\u00e7ais ? Marque-t-elle encore le foss\u00e9 entre les classes ? les apprentis musiciens des conservatoires sont-ils les passeurs d&#8217;une tradition savante ?  <\/p>\n<p>La musique classique est partout. Qu&#8217;on tra\u00eene son caddie entre les rayons d&#8217;une grande surface ou qu&#8217;on somnole devant une s\u00e9quence de publicit\u00e9, il est devenu difficile d&#8217;y \u00e9chapper. A la t\u00e9l\u00e9vision, chaque annonceur a son chouchou dont il inonde les ondes : les p\u00e2tes Barilla en pincent pour Mozart, Quick pour Beethoven, les chocolats Ferrero pour Tcha\u00efkovski, L\u00e9vi&#8217;s pour Haendel, SFR pour Offenbach&#8230; Au t\u00e9l\u00e9phone, on n&#8217;en finit plus de patienter sur l&#8217;air interminable de la Lettre \u00e0 Elise. Dans les supermarch\u00e9s, les haut-parleurs d\u00e9versent des flots de Brahms ou Vivaldi, entre deux harangues vantant les m\u00e9rites d&#8217;une promotion quelconque. Et dans le bus, le portable du voisin entonne soudain Les Quatre Saisons de Vivaldi. Comme la \u00ab musique d&#8217;ameublement \u00bb, ainsi baptis\u00e9e par Erik Satie, le classique est devenu une sorte d&#8217;anxiolytique dont les m\u00e9lodies nimbent harmonieusement les univers stressants.<\/p>\n<p><strong> Musiques au c\u0153ur <\/strong><\/p>\n<p>Tous les tympans y ont droit. Et aujourd&#8217;hui, m\u00eame les plus jeunes et les moins initi\u00e9s, impr\u00e9gn\u00e9s par la culture de masse, peuvent ainsi fredonner quelques airs c\u00e9l\u00e8bres. D&#8217;autant que les musiciens actuels introduisent souvent des extraits classiques dans leurs compositions. Dans son dernier album, la star am\u00e9ricaine Kelis convoque un op\u00e9ra de Mozart, La Fl\u00fbte enchant\u00e9e venant ainsi se m\u00ealer \u00e0 une instrumentation d\u00e9j\u00e0 hybride, \u00e0 la crois\u00e9e du rock, de la soul, du hip-hop et de la musique \u00e9lectronique. Dix ans auparavant, le duo new-yorkais EPMD inaugurait chez les rappeurs un m\u00e9lange des genres que Gainsbourg maniait d\u00e9j\u00e0 dans les ann\u00e9es 1960. Mais les ados ne sont que 5 % \u00e0 citer le classique quand on leur demande ce qu&#8217;ils aiment \u00e9couter.<\/p>\n<p>Quelle place la musique dite savante tient-elle r\u00e9ellement dans le c\u0153ur des gens ? Les chiffres du minist\u00e8re de la Culture (voir encadr\u00e9s) montrent qu&#8217;elle reste extr\u00eamement minoritaire. Alors que la vari\u00e9t\u00e9 et le rock sont dans le haut du panier, le classique peine \u00e0 trouver sa place. Les parts de march\u00e9 qu&#8217;il occupe ne cessent de d\u00e9gringoler. De 15 % au milieu des ann\u00e9es 1980, il ne repr\u00e9sentait plus que 5 % des ventes en 2004. Il est diffus\u00e9 \u00e0 des doses hom\u00e9opathiques sur les ondes radiophoniques et sur les cha\u00eenes priv\u00e9es. M6 bat tous les records avec une offre cinquante fois inf\u00e9rieure au temps consacr\u00e9 aux musiques actuelles. Quant aux radios musicales, elles ne diffusent que 2 % de jazz, de blues et de classique confondus, contre 60 % de vari\u00e9t\u00e9 et de rock.<\/p>\n<p><strong> La musique avouable <\/strong><\/p>\n<p>On a beaucoup glos\u00e9 sur le foss\u00e9 entre les classes, la doxa voulant que la musique savante soit l&#8217;apanage de la bourgeoisie. L&#8217;enqu\u00eate command\u00e9e par la Sacem \u00e0 l&#8217;institut TNS-Sofres l&#8217;an dernier permet de dresser le portrait-robot de l&#8217;aficionado : c&#8217;est un cadre, ais\u00e9 et dipl\u00f4m\u00e9, \u00e2g\u00e9 de cinquante ans au minimum. Mais \u00e0 y regarder de plus pr\u00e8s, les choses ne sont pas si simples&#8230; Cette approche, qui \u00e9value les go\u00fbts musicaux en fonction des cat\u00e9gories sociales, pourrait bien \u00eatre l&#8217;arbre qui cache la for\u00eat. Si les cadres et les professions intellectuelles sup\u00e9rieures \u00e9coutent plus de classique que les ouvriers, cette pratique reste en effet minoritaire, y compris chez eux. 25 % seulement d\u00e9clarent que c&#8217;est leur genre de musique pr\u00e9f\u00e9r\u00e9. De plus, quand 46 % affirment en revanche que c&#8217;est ce qu&#8217;ils \u00e9coutent le plus souvent, il ne faut pas sous-estimer la part d&#8217;esbroufe. Bourdieu\u00a0observait ainsi que \u00ab d\u00e8s qu&#8217;on demande \u00e0 quelqu&#8217;un ce qu&#8217;il lit, il entend : qu&#8217;est-ce que je lis en fait de litt\u00e9rature l\u00e9gitime ? Quand on lui demande : aimez-vous la musique, il entend : aimez-vous la musique classique, avouable. Et ce qu&#8217;il r\u00e9pond, ce n&#8217;est pas ce qu&#8217;il \u00e9coute vraiment ou lit vraiment, mais ce qui lui para\u00eet l\u00e9gitime dans ce qu&#8217;il lui arrive d&#8217;avoir lu ou d&#8217;avoir entendu. Par exemple, en mati\u00e8re de musique, il dira : \u00abJ&#8217;aime beaucoup les valses de Strauss\u00bb\u00bb. S&#8217;ils aiment les fugues et les sonates, les cadres affectionnent aussi : et parfois davantage : des genres plus populaires. \u00ab Ecouter exclusivement les concerts de musique classique sans aller au moins de temps en temps \u00e0 d&#8217;autres types de concerts est devenu une attitude de personnes \u00e2g\u00e9es cultiv\u00e9es plut\u00f4t provinciales \u00bb, ass\u00e8ne Olivier Donnat dans Regards crois\u00e9s sur les pratiques culturelles (1) Ils n&#8217;oseront peut-\u00eatre pas l&#8217;avouer, mais ils sont nombreux \u00e0 pr\u00e9f\u00e9rer une bonne vieille chanson de Brassens \u00e0 une ballade de Chopin. Le Nouvel Observateur, un brin perfide, rappelait r\u00e9cemment dans un article les propos du pianiste Jean-Claude Pennetier : \u00ab Je n&#8217;ai pas un seul disque de Kempff et je ne l&#8217;ai entendu au concert que quatre fois ; pourtant j&#8217;ai v\u00e9cu dessus pendant trente ans. \u00bb<\/p>\n<p>A 99 euros le coffret, soit 0,64 euro le CD, Mozart conna\u00eet en ce moment un regain d&#8217;int\u00e9r\u00eat. L&#8217;int\u00e9grale commercialis\u00e9e l&#8217;an dernier par Brilliant Classics a \u00e9t\u00e9 pl\u00e9biscit\u00e9e par les consommateurs. Si bien que la firme a d\u00e9cid\u00e9 de prolonger l&#8217;exp\u00e9rience avec Bach. Faut-il y voir le signe d&#8217;un fr\u00e9missement ? Un changement profond des comportements ? Ou bien juste le d\u00e9sir de poss\u00e9der la panoplie compl\u00e8te du parfait m\u00e9lomane ? Le bluff est peut-\u00eatre plus r\u00e9pandu qu&#8217;on ne croit&#8230;<\/p>\n<p>1, La Documentation fran\u00e7aise, 2003<\/p>\n","protected":false},"excerpt":{"rendered":"<p> Quelle place occupe la musique classique dans le passe-temps des Fran\u00e7ais ? Marque-t-elle encore le foss\u00e9 entre les classes ? les apprentis musiciens des conservatoires sont-ils les passeurs d&#8217;une tradition savante ?  <\/p>\n","protected":false},"author":573,"featured_media":0,"comment_status":"open","ping_status":"open","sticky":false,"template":"","format":"standard","meta":{"_themeisle_gutenberg_block_has_review":false,"footnotes":""},"categories":[141],"tags":[296],"class_list":["post-2480","post","type-post","status-publish","format-standard","hentry","category-archives-web","tag-musique"],"_links":{"self":[{"href":"https:\/\/archives.regards.fr\/index.php?rest_route=\/wp\/v2\/posts\/2480","targetHints":{"allow":["GET"]}}],"collection":[{"href":"https:\/\/archives.regards.fr\/index.php?rest_route=\/wp\/v2\/posts"}],"about":[{"href":"https:\/\/archives.regards.fr\/index.php?rest_route=\/wp\/v2\/types\/post"}],"author":[{"embeddable":true,"href":"https:\/\/archives.regards.fr\/index.php?rest_route=\/wp\/v2\/users\/573"}],"replies":[{"embeddable":true,"href":"https:\/\/archives.regards.fr\/index.php?rest_route=%2Fwp%2Fv2%2Fcomments&post=2480"}],"version-history":[{"count":0,"href":"https:\/\/archives.regards.fr\/index.php?rest_route=\/wp\/v2\/posts\/2480\/revisions"}],"wp:attachment":[{"href":"https:\/\/archives.regards.fr\/index.php?rest_route=%2Fwp%2Fv2%2Fmedia&parent=2480"}],"wp:term":[{"taxonomy":"category","embeddable":true,"href":"https:\/\/archives.regards.fr\/index.php?rest_route=%2Fwp%2Fv2%2Fcategories&post=2480"},{"taxonomy":"post_tag","embeddable":true,"href":"https:\/\/archives.regards.fr\/index.php?rest_route=%2Fwp%2Fv2%2Ftags&post=2480"}],"curies":[{"name":"wp","href":"https:\/\/api.w.org\/{rel}","templated":true}]}}