{"id":2474,"date":"2006-10-01T00:00:00","date_gmt":"2006-09-30T22:00:00","guid":{"rendered":"https:\/\/wp.muchomaas.com\/indigenes-le-film2474\/"},"modified":"2006-10-01T00:00:00","modified_gmt":"2006-09-30T22:00:00","slug":"indigenes-le-film2474","status":"publish","type":"post","link":"https:\/\/archives.regards.fr\/?p=2474","title":{"rendered":"Indig\u00e8nes, le film"},"content":{"rendered":"<p>\u00ab Je voulais faire ce film depuis longtemps, pour que les plus jeunes sachent et que les autres se souviennent. C&#8217;est une pierre pour continuer \u00e0 construire tous ensemble \u00bb, raconte Rachid Bouchareb. Indig\u00e8nes, qui traite de la place des contingents africains dans la Seconde Guerre mondiale, tombe \u00e0 pic pour alimenter le d\u00e9bat sur la m\u00e9moire coloniale. Jamel Debbouze (Sa\u00efd), Samy Nac\u00e9ri (Yassir), Roschdy Zem (Messaoud), Bernard Blancan (Martinez) et Sami Bouajila (Abdelkader) re\u00e7urent collectivement le prix d&#8217;interpr\u00e9tation masculine \u00e0 Cannes. Serr\u00e9 dans les rangs de l&#8217;arm\u00e9e fran\u00e7aise, le collectif chantait alors\u00a0: \u00ab Et nous avons au c\u0153ur\/ Une invincible ardeur\/Car nous voulons porter haut et fier\/Le beau drapeau de notre France enti\u00e8re\/Et si quelqu&#8217;un venait \u00e0 y toucher\/Nous serions l\u00e0 pour mourir \u00e0 ses pieds\/Battez tambours, \u00e0 nos amours\/Pour le pays, pour la Patrie\/Mourir au loin\/C&#8217;est nous les Africains \u00bb&#8230;<\/p>\n","protected":false},"excerpt":{"rendered":"<p>\u00ab Je voulais faire ce film depuis longtemps, pour que les plus jeunes sachent et que les autres se souviennent. C&#8217;est une pierre pour continuer \u00e0 construire tous ensemble \u00bb, raconte Rachid Bouchareb. Indig\u00e8nes, qui traite de la place des contingents africains dans la Seconde Guerre mondiale, tombe \u00e0 pic pour alimenter le d\u00e9bat sur [&hellip;]<\/p>\n","protected":false},"author":572,"featured_media":0,"comment_status":"open","ping_status":"open","sticky":false,"template":"","format":"standard","meta":{"_themeisle_gutenberg_block_has_review":false,"footnotes":""},"categories":[141],"tags":[299],"class_list":["post-2474","post","type-post","status-publish","format-standard","hentry","category-archives-web","tag-cinema"],"_links":{"self":[{"href":"https:\/\/archives.regards.fr\/index.php?rest_route=\/wp\/v2\/posts\/2474","targetHints":{"allow":["GET"]}}],"collection":[{"href":"https:\/\/archives.regards.fr\/index.php?rest_route=\/wp\/v2\/posts"}],"about":[{"href":"https:\/\/archives.regards.fr\/index.php?rest_route=\/wp\/v2\/types\/post"}],"author":[{"embeddable":true,"href":"https:\/\/archives.regards.fr\/index.php?rest_route=\/wp\/v2\/users\/572"}],"replies":[{"embeddable":true,"href":"https:\/\/archives.regards.fr\/index.php?rest_route=%2Fwp%2Fv2%2Fcomments&post=2474"}],"version-history":[{"count":0,"href":"https:\/\/archives.regards.fr\/index.php?rest_route=\/wp\/v2\/posts\/2474\/revisions"}],"wp:attachment":[{"href":"https:\/\/archives.regards.fr\/index.php?rest_route=%2Fwp%2Fv2%2Fmedia&parent=2474"}],"wp:term":[{"taxonomy":"category","embeddable":true,"href":"https:\/\/archives.regards.fr\/index.php?rest_route=%2Fwp%2Fv2%2Fcategories&post=2474"},{"taxonomy":"post_tag","embeddable":true,"href":"https:\/\/archives.regards.fr\/index.php?rest_route=%2Fwp%2Fv2%2Ftags&post=2474"}],"curies":[{"name":"wp","href":"https:\/\/api.w.org\/{rel}","templated":true}]}}