{"id":2471,"date":"2006-10-01T00:00:00","date_gmt":"2006-09-30T22:00:00","guid":{"rendered":"https:\/\/wp.muchomaas.com\/la-chaine-parlementaire-et-si-vous2471\/"},"modified":"2006-10-01T00:00:00","modified_gmt":"2006-09-30T22:00:00","slug":"la-chaine-parlementaire-et-si-vous2471","status":"publish","type":"post","link":"https:\/\/archives.regards.fr\/?p=2471","title":{"rendered":"La chaine parlementaire : et si vous ratiez le meilleur de la TNT ?"},"content":{"rendered":"<p>Avouer que l&#8217;on regarde la cha\u00eene parlementaire (LCP) va-t-il bient\u00f4t devenir aussi snob que de d\u00e9fendre Direct 8, la danseuse du groupe Bollor\u00e9, tout en \u00ab live \u00bb, fournisseur attitr\u00e9 du b\u00eatiser ?<\/p>\n<p>Car parmi tous les ovnis th\u00e9matiques qui hantent le c\u00e2ble et la TNT, LCP constitue une \u00e9trange exception, un \u00eelot politique, un rien anachronique dans le fond et dans la forme. Aboutissement d&#8217;une histoire chaotique d\u00e9but\u00e9e en 1993 avec \u00ab Canal Assembl\u00e9e nationale \u00bb, elle a commenc\u00e9 \u00e0 \u00e9mettre le 21 mars 2000 sous la pr\u00e9sidence d&#8217;Ivan Leva\u00ef. Elle reste, depuis, le secret le mieux gard\u00e9 du PAF, partag\u00e9 seulement par ceux qui la font, ceux qui y passent, et les aficionados qui la regardent les soirs d&#8217;insomnies (en alternance avec \u00ab jamais deux sans toi \u00bb sur TF6 ou S\u00e9rie Club). Une singularit\u00e9 car, par ailleurs, l&#8217;article 18 de la loi du 17 juillet 2001 fait obligation \u00e0 tous les diffuseurs de proposer les programmes de la LCP et de son partenaire Public S\u00e9nat, avec laquelle elle diffuse les d\u00e9bats parlementaires.<\/p>\n<p>Sa raison d&#8217;\u00eatre s&#8217;av\u00e8re des plus nobles dans un univers o\u00f9 \u00ab les cerveaux disponibles \u00bb sont devenus l&#8217;alpha et l&#8217;omega de la petite lucarne. Les discussions entre les \u00e9lus au sein du c\u00e9nacle \u00e9tant en principe, depuis la R\u00e9volution fran\u00e7aise, accessibles \u00e0 tous les citoyens, la t\u00e9l\u00e9vision s&#8217;impose dor\u00e9navant comme incontournable, surtout \u00e0 l&#8217;heure de la r\u00e9volution num\u00e9rique (on peut d\u00e9sormais visualiser la vie parlementaire depuis son ordi), du c\u00e2ble et du satellite. Bref \u00ab une mission de service public d&#8217;information et de formation du citoyen \u00e0 la vie publique \u00bb install\u00e9e dans un univers satur\u00e9 d&#8217;offres de divertissement. Donc, comment redonner go\u00fbt \u00e0 nos concitoyens pour la vie politique par le truchement de la vie des institutions ? Posture aussi ingrate que p\u00e9nible \u00e0 exercer avec un cahier des charges tr\u00e8s strict et un contr\u00f4le plut\u00f4t tatillon des instances de tutelle. Aux yeux de beaucoup, des plus r\u00e9acs aux altermondialistes les plus puritains, l&#8217;outil t\u00e9l\u00e9visuel repr\u00e9sente par essence l&#8217;ennemi du d\u00e9bat d\u00e9mocratique (\u00e0 leur d\u00e9charge, il suffit de regarder ce que r\u00e9alisent en la mati\u00e8re les deux cha\u00eenes d&#8217;info continue, LCI et I-T\u00e9l\u00e9, pour mesurer l&#8217;ampleur des d\u00e9rives de l&#8217;exercice pol\u00e9miste). Et le fonctionnement de nos deux assembl\u00e9es s&#8217;apparente au parfait antidote \u00e0 l&#8217;audimat.<\/p>\n<p>Avec un budget de 7,6 millions d&#8217;euros (deux fois moins que pour NRJ12 qui fait d\u00e9j\u00e0 figure de parent pauvre), les salari\u00e9s de la LCP ne sont pas v\u00e9ritablement aid\u00e9s. Pourtant, l&#8217;effort est louable. Loin de se limiter \u00e0 la retransmission des d\u00e9bats parlementaires, la cha\u00eene offre un panel assez large d&#8217;\u00e9missions, afin d&#8217;\u00e9gayer un peu la grille, en les confiant en outre \u00e0 des journalistes confirm\u00e9s tels que David Pujadas, et sa mensuelle \u00ab Le contrat \u00bb, interview fleuve d&#8217;une figure politique sous la \u00ab critique \u00bb de Fadela Amara et Denis Tillinac. Ou encore \u00ab Impertinence \u00bb, guid\u00e9e par le regard amus\u00e9 et blas\u00e9 de Bruno Masure, avec une formule magique un rien surr\u00e9aliste dans les locaux de la LCP : \u00ab Bousculer pour mieux informer \u00bb.<\/p>\n<p>Reste \u00e0 r\u00e9soudre des probl\u00e9matiques fondamentales : se met-on devant la t\u00e9l\u00e9 pour regarder des \u00e9changes abscons, parfois soporifiques, malgr\u00e9 un souci louabale d&#8217;\u00e9claircissement, dans les trav\u00e9es de l&#8217;Assembl\u00e9e ? Se cale-t-on dans son fauteil pour entendre des personnalit\u00e9s, certes passionnantes, d\u00e9velopper sur dix minutes de monologue leur point de vue argument\u00e9 sur tel ou tel sujet de soci\u00e9t\u00e9 ? Aussi  peu int\u00e9ressante qu&#8217;elle puisse \u00eatre, et indispensable d&#8217;un point de vue de l&#8217;\u00e9thique civique, la faiblesse anecdotique de l&#8217;audience de LCP d\u00e9montre le v\u00e9ritable usage populaire qui est fait de la t\u00e9l\u00e9vision, y compris dans le registre politique. Qui a attendu la TNT pour s&#8217;initier aux joies d&#8217;un \u00e9change sur EDF-GDF au c\u0153ur du Palais-Bourbon ? Il reste \u00e0 inventer une formule qui ne chercherait pas \u00e0 d\u00e9naturer le debat d\u00e9mocratique en le soumettant au credo de la t\u00e9l\u00e9 commerciale, mais qui \u00e9viterait \u00e9galement de trop m\u00e9priser les sp\u00e9cificit\u00e9s du petit \u00e9cran, au risque de se priver de son immense pouvoir d&#8217;\u00e9veil et de sensibilisation, notamment dans les milieux populaires.<\/p>\n","protected":false},"excerpt":{"rendered":"<p>Avouer que l&#8217;on regarde la cha\u00eene parlementaire (LCP) va-t-il bient\u00f4t devenir aussi snob que de d\u00e9fendre Direct 8, la danseuse du groupe Bollor\u00e9, tout en \u00ab live \u00bb, fournisseur attitr\u00e9 du b\u00eatiser ? Car parmi tous les ovnis th\u00e9matiques qui hantent le c\u00e2ble et la TNT, LCP constitue une \u00e9trange exception, un \u00eelot politique, un [&hellip;]<\/p>\n","protected":false},"author":579,"featured_media":0,"comment_status":"open","ping_status":"open","sticky":false,"template":"","format":"standard","meta":{"_themeisle_gutenberg_block_has_review":false,"footnotes":""},"categories":[141],"tags":[287],"class_list":["post-2471","post","type-post","status-publish","format-standard","hentry","category-archives-web","tag-medias"],"_links":{"self":[{"href":"https:\/\/archives.regards.fr\/index.php?rest_route=\/wp\/v2\/posts\/2471","targetHints":{"allow":["GET"]}}],"collection":[{"href":"https:\/\/archives.regards.fr\/index.php?rest_route=\/wp\/v2\/posts"}],"about":[{"href":"https:\/\/archives.regards.fr\/index.php?rest_route=\/wp\/v2\/types\/post"}],"author":[{"embeddable":true,"href":"https:\/\/archives.regards.fr\/index.php?rest_route=\/wp\/v2\/users\/579"}],"replies":[{"embeddable":true,"href":"https:\/\/archives.regards.fr\/index.php?rest_route=%2Fwp%2Fv2%2Fcomments&post=2471"}],"version-history":[{"count":0,"href":"https:\/\/archives.regards.fr\/index.php?rest_route=\/wp\/v2\/posts\/2471\/revisions"}],"wp:attachment":[{"href":"https:\/\/archives.regards.fr\/index.php?rest_route=%2Fwp%2Fv2%2Fmedia&parent=2471"}],"wp:term":[{"taxonomy":"category","embeddable":true,"href":"https:\/\/archives.regards.fr\/index.php?rest_route=%2Fwp%2Fv2%2Fcategories&post=2471"},{"taxonomy":"post_tag","embeddable":true,"href":"https:\/\/archives.regards.fr\/index.php?rest_route=%2Fwp%2Fv2%2Ftags&post=2471"}],"curies":[{"name":"wp","href":"https:\/\/api.w.org\/{rel}","templated":true}]}}