{"id":246,"date":"2015-12-01T20:42:18","date_gmt":"2015-12-01T19:42:18","guid":{"rendered":"https:\/\/wp.muchomaas.com\/breve-robert-menard-246\/"},"modified":"2015-12-01T20:42:18","modified_gmt":"2015-12-01T19:42:18","slug":"breve-robert-menard-246","status":"publish","type":"post","link":"https:\/\/archives.regards.fr\/?p=246","title":{"rendered":"Robert M\u00e9nard"},"content":{"rendered":"<p><em>\u00ab\u00a0Je veux retrouver notre France, celle de Louis XIV, de Napol\u00e9on, et celle, si le minist\u00e8re de l&#8217;Int\u00e9rieur me l&#8217;autorise, de Charles Martel.\u00a0\u00bb<\/em> (Twitter, 01\/12\/2015)<\/p>\n","protected":false},"excerpt":{"rendered":"<p>\u00ab\u00a0Je veux retrouver notre France, celle de Louis XIV, de Napol\u00e9on, et celle, si le minist\u00e8re de l&#8217;Int\u00e9rieur me l&#8217;autorise, de Charles Martel.\u00a0\u00bb (Twitter, 01\/12\/2015)<\/p>\n","protected":false},"author":1,"featured_media":0,"comment_status":"open","ping_status":"open","sticky":false,"template":"","format":"standard","meta":{"_themeisle_gutenberg_block_has_review":false,"footnotes":""},"categories":[284],"tags":[],"class_list":["post-246","post","type-post","status-publish","format-standard","hentry","category-declarama-breves"],"_links":{"self":[{"href":"https:\/\/archives.regards.fr\/index.php?rest_route=\/wp\/v2\/posts\/246","targetHints":{"allow":["GET"]}}],"collection":[{"href":"https:\/\/archives.regards.fr\/index.php?rest_route=\/wp\/v2\/posts"}],"about":[{"href":"https:\/\/archives.regards.fr\/index.php?rest_route=\/wp\/v2\/types\/post"}],"author":[{"embeddable":true,"href":"https:\/\/archives.regards.fr\/index.php?rest_route=\/wp\/v2\/users\/1"}],"replies":[{"embeddable":true,"href":"https:\/\/archives.regards.fr\/index.php?rest_route=%2Fwp%2Fv2%2Fcomments&post=246"}],"version-history":[{"count":0,"href":"https:\/\/archives.regards.fr\/index.php?rest_route=\/wp\/v2\/posts\/246\/revisions"}],"wp:attachment":[{"href":"https:\/\/archives.regards.fr\/index.php?rest_route=%2Fwp%2Fv2%2Fmedia&parent=246"}],"wp:term":[{"taxonomy":"category","embeddable":true,"href":"https:\/\/archives.regards.fr\/index.php?rest_route=%2Fwp%2Fv2%2Fcategories&post=246"},{"taxonomy":"post_tag","embeddable":true,"href":"https:\/\/archives.regards.fr\/index.php?rest_route=%2Fwp%2Fv2%2Ftags&post=246"}],"curies":[{"name":"wp","href":"https:\/\/api.w.org\/{rel}","templated":true}]}}