{"id":2452,"date":"2006-11-01T00:00:00","date_gmt":"2006-10-31T23:00:00","guid":{"rendered":"https:\/\/wp.muchomaas.com\/banlieues-des-passerelles2452\/"},"modified":"2006-11-01T00:00:00","modified_gmt":"2006-10-31T23:00:00","slug":"banlieues-des-passerelles2452","status":"publish","type":"post","link":"https:\/\/archives.regards.fr\/?p=2452","title":{"rendered":"Banlieues, des passerelles politiques"},"content":{"rendered":"<p class=\"post_excerpt\"> Comment relayer les revendications des jeunes dans les partis politiques ? Deux initiatives sous la loupe : Egalit\u00e9 d&#8217;abord !, proche du PCF, et les zepetistes, \u00e0 la marge des Verts. <\/p>\n<p>Un an apr\u00e8s les r\u00e9voltes, deux initiatives port\u00e9es par des personnes de l&#8217;int\u00e9rieur des partis soulignent le d\u00e9sarroi de militants insatisfaits par l&#8217;\u00e9volution des d\u00e9bats collectifs. En proximit\u00e9 du Parti communiste, l&#8217;initiative citoyenne Egalit\u00e9 d&#8217;abord ! veut contraindre les forces progressistes \u00e0 se saisir, honn\u00eatement et en partage, de l&#8217;enjeu des discriminations et de l&#8217;\u00e9galit\u00e9 citoyenne. Et \u00e0 la marge des Verts, les \u00ab z\u00e9p\u00e9tistes \u00bb (1)  entendent faire la jonction avec les initiatives de quartier : relayer les revendications de celles-ci dans les partis.<\/p>\n<p><strong> Ecologie populaire <\/strong><\/p>\n<p>Les \u00ab Z\u00e9p\u00e9tistes \u00bb regroupent des Verts et des non-Verts, en majorit\u00e9 tr\u00e8s jeunes et venant souvent des quartiers populaires. Leur initiative est n\u00e9e durant l&#8217;\u00e9t\u00e9 et les r\u00e9voltes de l&#8217;automne 2005 sont consid\u00e9r\u00e9es comme leur \u00ab moment fondateur \u00bb. Ce\u00a0soul\u00e8vement, expose leur manifeste, \u00ab a exprim\u00e9 la crise de repr\u00e9sentation d&#8217;une partie de plus en\u00a0plus massive de la population par rapport aux appareils traditionnels, mais aussi le refus de la stigmatisation des classes populaires et de la jeunesse transform\u00e9s en parias et consid\u00e9r\u00e9s comme des classes dangereuses. Ce refus avait d\u00e9j\u00e0 marqu\u00e9 la confrontation id\u00e9ologique sur le voile o\u00f9 au nom de la d\u00e9fense de la la\u00efcit\u00e9, nombreux \u00e0 gauche avaient soutenu une loi consacrant le racisme institutionnalis\u00e9 envers une partie de la population. \u00bb Leur guerre trublionne s&#8217;inscrit dans une vision politique globale : \u00ab Un spectre hante le monde de l&#8217;environnementalisme et du d\u00e9veloppement durable, celui de l&#8217;\u00e9cologie populaire \u00bb, c&#8217;est \u00e9crit au d\u00e9but de leur manifeste. \u00ab La pantalonnade de Johannesburg a soulign\u00e9 l&#8217;impuissance des ma\u00eetres de ce monde \u00e0 engager la moindre r\u00e9forme structurelle pouvant mettre en danger les profits des multinationales. Menant une recolonisation brutale du monde accompagn\u00e9e d&#8217;une marchandisation violente tous azimuts, ils ont ouvert une quatri\u00e8me guerre mondiale contre les pauvres et d\u00e9velopp\u00e9 un v\u00e9ritable apartheid plan\u00e9taire. \u00bb La ZEP est notamment soutenue par des personnalit\u00e9s vertes tr\u00e8s actives dans les mouvements sociaux, tels Gilles Lemaire, Evelyne Perrin ou Bernard Dr\u00e9ano. \u00ab L&#8217;enjeu pour nous n&#8217;est pas le parti Verts, mais d&#8217;abord la n\u00e9cessit\u00e9 de reb\u00e2tir les passerelles et de faire entendre les jeunes des quartiers \u00bb, bouillonne le chef z\u00e9p\u00e9tiste Eros Sana. <\/p>\n<p>\u00a0<\/p>\n<p><strong> Egalit\u00e9 politique <\/strong><\/p>\n<p>Port\u00e9 notamment par Mouloud Aounit, Tarek Ben Hiba et Abdelmajid Guelmami, le mouvement L&#8217;\u00e9galit\u00e9 d&#8217;abord !  a \u00e9t\u00e9 lanc\u00e9 le mois dernier \u00e0 l&#8217;Assembl\u00e9e nationale, le jour anniversaire de la comm\u00e9moration du massacre du 17 octobre 1961.\u00a0L&#8217;appel constitutif pose comme autre r\u00e9f\u00e9rence explicite le second tour de la pr\u00e9sidentielle 2002 : \u00ab Le sursaut d&#8217;indignation populaire contre la perc\u00e9e \u00e9lectorale du candidat de la haine a fait rena\u00eetre pour des millions de manifestants l&#8217;espoir d&#8217;une soci\u00e9t\u00e9 p\u00e9trie d&#8217;\u00e9galit\u00e9, de solidarit\u00e9, de fraternit\u00e9, d&#8217;humanit\u00e9. Cet \u00e9v\u00e9nement politique devait tenir lieu d&#8217;un acte de refondation politique de la citoyennet\u00e9, de la d\u00e9mocratie et de l&#8217;universalit\u00e9 des droits. Or, depuis, il n&#8217;en fut rien. L&#8217;\u00e9tat des d\u00e9bats politiques ne fait au contraire qu&#8217;empirer. Et comme si le \u00abchoc du 21\u00a0avril\u00bbn&#8217;avait jamais eu lieu, les th\u00e8ses racistes, r\u00e9visionnistes, discriminatoires et culturalistes font tache d&#8217;huile sur l&#8217;\u00e9chiquier politique. \u00bb<\/p>\n<p>Pour Egalit\u00e9 d&#8217;abord !, les prochaines \u00e9ch\u00e9ances \u00e9lectorales marqueront \u00ab un tournant historique d\u00e9cisif \u00bb de ce point de vue. Leur projet concret s&#8217;\u00e9nonce ainsi : \u00ab soutenir tous ceux et celles qui, \u00e0 l&#8217;int\u00e9rieur des partis politiques ou \u00e0 l&#8217;ext\u00e9rieur \u00bb, se battent pour l&#8217;\u00e9galit\u00e9 politique, l&#8217;instauration de la citoyennet\u00e9 de r\u00e9sidence, l&#8217;abrogation des lois et dispositifs discriminantes de toutes sortes, le partage \u00ab de l&#8217;ensemble des m\u00e9moires de toutes les populations vivant sur notre sol \u00bb. C&#8217;est bien de \u00ab l&#8217;avenir des jeunes qu&#8217;il s&#8217;agit ici, \u00e0 construire pour eux et avec eux \u00bb, rappelle Abdelmajid Guelmami. L&#8217;appel a d\u00e9j\u00e0 \u00e9t\u00e9 sign\u00e9 notamment par l&#8217;\u00e9crivain martiniquais Patrick Chamoiseau, les Verts Gilles Lemaire et Francine Bavay, les communistes Jack Ralite ou Cl\u00e9mentine Autain.<\/p>\n","protected":false},"excerpt":{"rendered":"<p> Comment relayer les revendications des jeunes dans les partis politiques ? Deux initiatives sous la loupe : Egalit\u00e9 d&#8217;abord !, proche du PCF, et les zepetistes, \u00e0 la marge des Verts. <\/p>\n","protected":false},"author":483,"featured_media":0,"comment_status":"open","ping_status":"open","sticky":false,"template":"","format":"standard","meta":{"_themeisle_gutenberg_block_has_review":false,"footnotes":""},"categories":[141],"tags":[290],"class_list":["post-2452","post","type-post","status-publish","format-standard","hentry","category-archives-web","tag-elections"],"_links":{"self":[{"href":"https:\/\/archives.regards.fr\/index.php?rest_route=\/wp\/v2\/posts\/2452","targetHints":{"allow":["GET"]}}],"collection":[{"href":"https:\/\/archives.regards.fr\/index.php?rest_route=\/wp\/v2\/posts"}],"about":[{"href":"https:\/\/archives.regards.fr\/index.php?rest_route=\/wp\/v2\/types\/post"}],"author":[{"embeddable":true,"href":"https:\/\/archives.regards.fr\/index.php?rest_route=\/wp\/v2\/users\/483"}],"replies":[{"embeddable":true,"href":"https:\/\/archives.regards.fr\/index.php?rest_route=%2Fwp%2Fv2%2Fcomments&post=2452"}],"version-history":[{"count":0,"href":"https:\/\/archives.regards.fr\/index.php?rest_route=\/wp\/v2\/posts\/2452\/revisions"}],"wp:attachment":[{"href":"https:\/\/archives.regards.fr\/index.php?rest_route=%2Fwp%2Fv2%2Fmedia&parent=2452"}],"wp:term":[{"taxonomy":"category","embeddable":true,"href":"https:\/\/archives.regards.fr\/index.php?rest_route=%2Fwp%2Fv2%2Fcategories&post=2452"},{"taxonomy":"post_tag","embeddable":true,"href":"https:\/\/archives.regards.fr\/index.php?rest_route=%2Fwp%2Fv2%2Ftags&post=2452"}],"curies":[{"name":"wp","href":"https:\/\/api.w.org\/{rel}","templated":true}]}}