{"id":2442,"date":"2006-11-01T00:00:00","date_gmt":"2006-10-31T23:00:00","guid":{"rendered":"https:\/\/wp.muchomaas.com\/caravanieres2442\/"},"modified":"2006-11-01T00:00:00","modified_gmt":"2006-10-31T23:00:00","slug":"caravanieres2442","status":"publish","type":"post","link":"https:\/\/archives.regards.fr\/?p=2442","title":{"rendered":"Caravani\u00e8res"},"content":{"rendered":"<p class=\"post_excerpt\"> Allez Yallah !, documentaire de Jean-Pierre Thorn, suit des militantes qui prom\u00e8nent la Caravane des droits des femmes entre les douars du Maroc et la r\u00e9gion lyonnaise. Rencontres et t\u00e9moignages allument le d\u00e9bat. <\/p>\n<p>Filles et gar\u00e7ons sont \u00e0 pied d&#8217;\u0153uvre. Fiers de partager leur effort. \u00ab Nous sommes \u00e9gaux \u00bb, lancent-ils \u00e0 la cam\u00e9ra tout en \u00e9rigeant une tente berb\u00e8re. Un village du Maroc : une voix f\u00e9minine, en off, invite les habitants \u00e0 rejoindre la caravane. Au programme, droits des femmes ; citoyennet\u00e9, \u00e9galit\u00e9, sant\u00e9. Elle s&#8217;est empar\u00e9e du micro de la mosqu\u00e9e, s&#8217;improvisant muezzin pour passer son annonce. \u00ab N&#8217;essaie pas de monter les femmes contre nous \u00bb, lui aurait dit l&#8217;imam&#8230; Un bandana rouge lui tient les cheveux. Ainsi d\u00e9bute Allez Yallah !, film de Jean-Pierre Thorn produit par Jean-Jacques Beineix et s\u00e9lectionn\u00e9 dans le cadre de la programmation ACID lors du dernier festival de Cannes. F\u00e9minisme et islam y sont au rendez-vous. N\u00e9 en 1947, Jean-Pierre Thorn a abandonn\u00e9 le cin\u00e9ma en 1969 pour travailler comme ouvrier \u00e0 l&#8217;usine m\u00e9tallurgique Alsthom de Saint-Ouen. De cette exp\u00e9rience, il a tir\u00e9 la mati\u00e8re de son second long-m\u00e9trage, Le Dos au mur (1980). Ces derni\u00e8res ann\u00e9es, il a r\u00e9alis\u00e9 trois films sur la culture hip-hop, G\u00e9n\u00e9ration hip-hop, Faire kifer les anges et On n&#8217;est pas des marques de v\u00e9lo.<\/p>\n<p>Pour son nouveau documentaire, Jean-Pierre Thorn a suivi entre les douars du Maroc et les cit\u00e9s de la r\u00e9gion lyonnaise, plusieurs femmes de terrain, les \u00ab caravani\u00e8res \u00bb, musulmanes ou non, en lutte contre la domination masculine et l&#8217;int\u00e9grisme religieux. La Caravane des Droits des femmes a \u00e9t\u00e9 con\u00e7ue par la Ligue d\u00e9mocratique des droits des femmes (LDDF\/Maroc) et Femmes contre les int\u00e9grismes (FCI\/Rh\u00f4ne-Alpes). Yallah ! On y va ! Solidaires, joyeuses, festives, ces militantes n&#8217;ont qu&#8217;un but : discuter avec leurs cong\u00e9n\u00e8res, les informer de leurs droits, les aider \u00e0 se d\u00e9fendre, \u00e0 refuser le joug de la soumission. Le Coran n&#8217;a jamais pr\u00f4n\u00e9 la polygamie, explique l&#8217;une d&#8217;elles. Les int\u00e9gristes interpr\u00e8tent le texte \u00e0 leur fa\u00e7on et l&#8217;instrumentalisent \u00e0 des fins politiques, affirme une autre.<\/p>\n<p>De d\u00e9bat en d\u00e9bat, les femmes (juristes, assistantes sociales, etc.) \u00e9changent leur t\u00e9moignage et discutent du Code de la famille, de certificats de virginit\u00e9, de la tutelle matrimoniale, de la g\u00e9n\u00e9alogie comme seule d\u00e9finition de soi : \u00ab Je n&#8217;existe que parce que je suis la fille de ou la femme de ou la m\u00e8re de. T&#8217;es jamais toi. \u00bb Aux abords de la caravane, devant les barres des cit\u00e9s, les passantes d\u00e9filent : une m\u00e8re dont l&#8217;enfant a \u00e9t\u00e9 mordu par un rat, une femme mari\u00e9e de force \u00e0 l&#8217;\u00e2ge de treize ans, une femme qui se voile mais se d\u00e9voile au bureau sans vraiment savoir pourquoi. Quand Hajda, vieille a\u00efeule n\u00e9e \u00e0 Annaba en Alg\u00e9rie, r\u00e9tive aux discours de ces modernes caravani\u00e8res (\u00ab Mon \u00e9poque et la tienne, c&#8217;est pas pareil \u00bb), se bouche avec d\u00e9sinvolture les oreilles dissimul\u00e9es sous son foulard, le spectateur sourit. Quand une jeune musulmane d&#8217;aujourd&#8217;hui, casquette rose sur la t\u00eate, jean moulant (mais visage flout\u00e9), explique croire, contre l&#8217;avis de ses parents, que la femme est faite pour rester \u00e0 la maison et que la lapidation est l\u00e9gitime en cas d&#8217;adult\u00e8re, il ne pourra que fr\u00e9mir.<\/p>\n","protected":false},"excerpt":{"rendered":"<p> Allez Yallah !, documentaire de Jean-Pierre Thorn, suit des militantes qui prom\u00e8nent la Caravane des droits des femmes entre les douars du Maroc et la r\u00e9gion lyonnaise. Rencontres et t\u00e9moignages allument le d\u00e9bat. <\/p>\n","protected":false},"author":572,"featured_media":0,"comment_status":"open","ping_status":"open","sticky":false,"template":"","format":"standard","meta":{"_themeisle_gutenberg_block_has_review":false,"footnotes":""},"categories":[141],"tags":[299],"class_list":["post-2442","post","type-post","status-publish","format-standard","hentry","category-archives-web","tag-cinema"],"_links":{"self":[{"href":"https:\/\/archives.regards.fr\/index.php?rest_route=\/wp\/v2\/posts\/2442","targetHints":{"allow":["GET"]}}],"collection":[{"href":"https:\/\/archives.regards.fr\/index.php?rest_route=\/wp\/v2\/posts"}],"about":[{"href":"https:\/\/archives.regards.fr\/index.php?rest_route=\/wp\/v2\/types\/post"}],"author":[{"embeddable":true,"href":"https:\/\/archives.regards.fr\/index.php?rest_route=\/wp\/v2\/users\/572"}],"replies":[{"embeddable":true,"href":"https:\/\/archives.regards.fr\/index.php?rest_route=%2Fwp%2Fv2%2Fcomments&post=2442"}],"version-history":[{"count":0,"href":"https:\/\/archives.regards.fr\/index.php?rest_route=\/wp\/v2\/posts\/2442\/revisions"}],"wp:attachment":[{"href":"https:\/\/archives.regards.fr\/index.php?rest_route=%2Fwp%2Fv2%2Fmedia&parent=2442"}],"wp:term":[{"taxonomy":"category","embeddable":true,"href":"https:\/\/archives.regards.fr\/index.php?rest_route=%2Fwp%2Fv2%2Fcategories&post=2442"},{"taxonomy":"post_tag","embeddable":true,"href":"https:\/\/archives.regards.fr\/index.php?rest_route=%2Fwp%2Fv2%2Ftags&post=2442"}],"curies":[{"name":"wp","href":"https:\/\/api.w.org\/{rel}","templated":true}]}}