{"id":2441,"date":"2006-11-01T00:00:00","date_gmt":"2006-10-31T23:00:00","guid":{"rendered":"https:\/\/wp.muchomaas.com\/les-martin-luther-de-l-islam2441\/"},"modified":"2006-11-01T00:00:00","modified_gmt":"2006-10-31T23:00:00","slug":"les-martin-luther-de-l-islam2441","status":"publish","type":"post","link":"https:\/\/archives.regards.fr\/?p=2441","title":{"rendered":"Les Martin Luther de l&#8217;islam"},"content":{"rendered":"<p class=\"post_excerpt\"> Le f\u00e9minisme musulmane peut-il avoir un apport au  changement soci\u00e9tal et \u00e0 la d\u00e9mocratie ? Valentine Moghadam revient sur l&#8217;histoire et le r\u00f4le de ce mouvement. <\/p>\n<p><strong> Le terme \u00ab f\u00e9minisme islamique \u00bb voit le jour dans les ann\u00e9es 1990 \u00e0 divers endroits du monde. Pourquoi cette \u00e9poque, plut\u00f4t qu&#8217;une autre ? <\/strong><\/p>\n<p><strong> Valentine Moghadam. <\/strong> Les mouvements pour les droits des femmes dans les pays du Maghreb et du Moyen-Orient sont n\u00e9s dans les ann\u00e9es 1970, alors qu&#8217;ils prenaient de l&#8217;ampleur en Occident et en Am\u00e9rique latine. Dans les pays du tiers-monde, les discours pour les droits des femmes s&#8217;inscrivaient alors dans un contexte plus g\u00e9n\u00e9ral de changement social et politique. La mont\u00e9e de l&#8217;islam fondamentaliste dans les ann\u00e9es 1980 et 1990 marque un tournant : les mouvements f\u00e9ministes, islamiques ou pas, ont d\u00fb r\u00e9agir face au durcissement de la condition des femmes. Puis, dans les ann\u00e9es 1990, la multiplication des conf\u00e9rences internationales sur les droits des femmes a contribu\u00e9 \u00e0 cr\u00e9er un agenda global sur ces questions et \u00e0 structurer les mouvements f\u00e9ministes.<\/p>\n<p><strong> Quelles relations le f\u00e9minisme islamique entretient-il avec le f\u00e9minisme la\u00efc ? <\/strong><\/p>\n<p><strong> V.M. <\/strong> Cela d\u00e9pend des pays. En Iran, o\u00f9 le f\u00e9minisme islamique est issu du mouvement de l&#8217;islam politique, un gouffre les s\u00e9parait, jusqu&#8217;\u00e0 ce que, face \u00e0 la radicalisation de l&#8217;islam politique, les f\u00e9ministes islamiques se rendent compte des limites de leur action et se rapprochent des f\u00e9ministes la\u00efques. Dans d&#8217;autres pays, le f\u00e9minisme islamique ne s&#8217;est jamais r\u00e9f\u00e9r\u00e9 \u00e0 l&#8217;islam politique, mais \u00e0 un mouvement plus g\u00e9n\u00e9ral pour les droits des femmes. Je pense \u00e0 des personnes comme Fatema Mernissi qui a \u00e9t\u00e9 parmi les premi\u00e8res f\u00e9ministes arabes \u00e0 revisiter les sources pour revendiquer des droits pour les femmes. Elle reste cependant une exception dans le monde musulman : la plupart des f\u00e9ministes islamiques \u00e9voluent dans des pays d\u00e9mocratiques, aux Etats-Unis, au Canada, en Europe&#8230;<\/p>\n<p><strong> Les f\u00e9ministes islamiques \u00e9voquent un retour aux sources, mais y lisent-elles pour autant la m\u00eame chose ? <\/strong><\/p>\n<p><strong> V.M. <\/strong> A l&#8217;inverse de celles qui relient le Coran de fa\u00e7on litt\u00e9rale, les f\u00e9ministes islamiques (quelques hommes participent du mouvement aussi !) d\u00e9fient les dogmes et l&#8217;orthodoxie. Ils sont un peu les Martin Luther de l&#8217;islam contemporain. Ils insistent sur leur droit \u00e0 l&#8217;ijtihad (l&#8217;examen ind\u00e9pendant des sources religieuses), \u00e0 l&#8217;oppos\u00e9 de l&#8217;interpr\u00e9tation orthodoxe conventionnelle. De mon point de vue, ces personnes ont un r\u00f4le historique important \u00e0 jouer au sein de l&#8217;islam.<\/p>\n<p><strong> Quels sont leurs liens au r\u00e9formisme islamique ? <\/strong><\/p>\n<p><strong> V.M. <\/strong> Ils en sont proches. Ce mouvement ressemble sur beaucoup de points au r\u00e9formisme chr\u00e9tien, dont l&#8217;histoire, marqu\u00e9e par la violence, a apport\u00e9 beaucoup d&#8217;innovations au sein de la religion. Et au-del\u00e0, puisqu&#8217;il a conduit \u00e0 des changements soci\u00e9tales importants et \u00e0 la d\u00e9mocratie. La situation de l&#8217;islam contemporain y ressemble : la violence terroriste se d\u00e9veloppe, mais il y a aussi des individus et des groupes qui posent des questions fondamentales sur leur religion. Certains groupes comme MuslimWake Up ! ont une interpr\u00e9tation tr\u00e8s lib\u00e9rale et progressiste sur ce que veut dire \u00eatre musulman, en d\u00e9fendant les droits des homosexuels tout comme les droits des femmes par exemple. Je pense aussi \u00e0 des intellectuels musulmans, comme Abdelwahab Meddeb en France, qui participent d&#8217;un mouvement de r\u00e9forme au sein de l&#8217;islam. Ils ont souvent pass\u00e9 dix ans \u00e0 \u00e9tudier l&#8217;arabe et le Coran, \u00e0 se plonger dans des \u00e9tudes religieuses. Il serait important aujourd&#8217;hui que la pens\u00e9e de ces mouvements et ces individus soit mieux connue, notamment dans les pays europ\u00e9ens comme la France, les Pays-Bas, l&#8217;Angleterre, l&#8217;Allemagne, qui rencontrent des probl\u00e8mes avec leur population musulmane d&#8217;origine immigr\u00e9e.<\/p>\n","protected":false},"excerpt":{"rendered":"<p> Le f\u00e9minisme musulmane peut-il avoir un apport au  changement soci\u00e9tal et \u00e0 la d\u00e9mocratie ? Valentine Moghadam revient sur l&#8217;histoire et le r\u00f4le de ce mouvement. <\/p>\n","protected":false},"author":1,"featured_media":0,"comment_status":"open","ping_status":"open","sticky":false,"template":"","format":"standard","meta":{"_themeisle_gutenberg_block_has_review":false,"footnotes":""},"categories":[141],"tags":[306],"class_list":["post-2441","post","type-post","status-publish","format-standard","hentry","category-archives-web","tag-feminisme"],"_links":{"self":[{"href":"https:\/\/archives.regards.fr\/index.php?rest_route=\/wp\/v2\/posts\/2441","targetHints":{"allow":["GET"]}}],"collection":[{"href":"https:\/\/archives.regards.fr\/index.php?rest_route=\/wp\/v2\/posts"}],"about":[{"href":"https:\/\/archives.regards.fr\/index.php?rest_route=\/wp\/v2\/types\/post"}],"author":[{"embeddable":true,"href":"https:\/\/archives.regards.fr\/index.php?rest_route=\/wp\/v2\/users\/1"}],"replies":[{"embeddable":true,"href":"https:\/\/archives.regards.fr\/index.php?rest_route=%2Fwp%2Fv2%2Fcomments&post=2441"}],"version-history":[{"count":0,"href":"https:\/\/archives.regards.fr\/index.php?rest_route=\/wp\/v2\/posts\/2441\/revisions"}],"wp:attachment":[{"href":"https:\/\/archives.regards.fr\/index.php?rest_route=%2Fwp%2Fv2%2Fmedia&parent=2441"}],"wp:term":[{"taxonomy":"category","embeddable":true,"href":"https:\/\/archives.regards.fr\/index.php?rest_route=%2Fwp%2Fv2%2Fcategories&post=2441"},{"taxonomy":"post_tag","embeddable":true,"href":"https:\/\/archives.regards.fr\/index.php?rest_route=%2Fwp%2Fv2%2Ftags&post=2441"}],"curies":[{"name":"wp","href":"https:\/\/api.w.org\/{rel}","templated":true}]}}