{"id":2440,"date":"2006-11-01T00:00:00","date_gmt":"2006-10-31T23:00:00","guid":{"rendered":"https:\/\/wp.muchomaas.com\/naissance-du-feminisme-en-terre-d2440\/"},"modified":"2006-11-01T00:00:00","modified_gmt":"2006-10-31T23:00:00","slug":"naissance-du-feminisme-en-terre-d2440","status":"publish","type":"post","link":"https:\/\/archives.regards.fr\/?p=2440","title":{"rendered":"Naissance du f\u00e9minisme en terre d&#8217;islam"},"content":{"rendered":"<p>L&#8217;histoire du f\u00e9minisme dans le monde musulman est ancienne. Il est apparu d\u00e8s les ann\u00e9es 1920 en Egypte sous le nom de nisa&#8217;iyya. Son d\u00e9veloppement fut cependant entrav\u00e9 par les mouvements nationalistes pour qui le f\u00e9minisme n&#8217;\u00e9tait qu&#8217;un discours occidental, jug\u00e9 globalement n\u00e9faste. La critique \u00e9tait d&#8217;autant plus difficile \u00e0 contredire que le discours f\u00e9ministe europ\u00e9en avait, en effet, \u00e9t\u00e9 instrumentalis\u00e9 pour justifier le colonialisme et soutenir l&#8217;id\u00e9e de la sup\u00e9riorit\u00e9 de l&#8217;Occident. Press\u00e9es de se conformer aux priorit\u00e9s anticoloniales, les femmes musulmanes ont ainsi \u00e9t\u00e9 contraintes de se d\u00e9tourner de leurs revendications pour une \u00e9galit\u00e9 des sexes.<\/p>\n<p>La crise socio\u00e9conomique des soci\u00e9t\u00e9s musulmanes, la mont\u00e9e de l&#8217;islam politique, la crispation identitaire face \u00e0 l&#8217;Occident, le difficile acc\u00e8s des femmes \u00e0 l&#8217;\u00e9ducation&#8230; vont freiner une nouvelle \u00e9closion d&#8217;un f\u00e9minisme en terre d&#8217;islam. C&#8217;est \u00e0 la fin des ann\u00e9es 1980 que les revendications des femmes se feront entendre dans des soci\u00e9t\u00e9s comme l&#8217;Iran o\u00f9, paradoxalement, l&#8217;islam politique, orthodoxe et patriarcal, \u00e9tait le plus fort. Selon l&#8217;universitaire iranienne Ziba Mir-Hosseini, auteure de Islam and gender : the religious debate in contempory Iran, il s&#8217;agissait l\u00e0 d&#8217;une r\u00e9action face au retour \u00e0 la Charia dans son interpr\u00e9tation la plus stricte. De plus en plus de voix f\u00e9minines se sont ensuite \u00e9lev\u00e9es pour d\u00e9noncer la contradiction entre les id\u00e9aux d&#8217;\u00e9galit\u00e9 et de justice de l&#8217;islam et la sup\u00e9riorit\u00e9 masculine proclam\u00e9e par les promoteurs de ce projet. Ce fut le d\u00e9but d&#8217;une nouvelle pens\u00e9e, f\u00e9ministe dans ses revendications et islamique dans sa l\u00e9gitimation.<\/p>\n","protected":false},"excerpt":{"rendered":"<p>L&#8217;histoire du f\u00e9minisme dans le monde musulman est ancienne. Il est apparu d\u00e8s les ann\u00e9es 1920 en Egypte sous le nom de nisa&#8217;iyya. Son d\u00e9veloppement fut cependant entrav\u00e9 par les mouvements nationalistes pour qui le f\u00e9minisme n&#8217;\u00e9tait qu&#8217;un discours occidental, jug\u00e9 globalement n\u00e9faste. La critique \u00e9tait d&#8217;autant plus difficile \u00e0 contredire que le discours f\u00e9ministe [&hellip;]<\/p>\n","protected":false},"author":1,"featured_media":0,"comment_status":"open","ping_status":"open","sticky":false,"template":"","format":"standard","meta":{"_themeisle_gutenberg_block_has_review":false,"footnotes":""},"categories":[141],"tags":[306],"class_list":["post-2440","post","type-post","status-publish","format-standard","hentry","category-archives-web","tag-feminisme"],"_links":{"self":[{"href":"https:\/\/archives.regards.fr\/index.php?rest_route=\/wp\/v2\/posts\/2440","targetHints":{"allow":["GET"]}}],"collection":[{"href":"https:\/\/archives.regards.fr\/index.php?rest_route=\/wp\/v2\/posts"}],"about":[{"href":"https:\/\/archives.regards.fr\/index.php?rest_route=\/wp\/v2\/types\/post"}],"author":[{"embeddable":true,"href":"https:\/\/archives.regards.fr\/index.php?rest_route=\/wp\/v2\/users\/1"}],"replies":[{"embeddable":true,"href":"https:\/\/archives.regards.fr\/index.php?rest_route=%2Fwp%2Fv2%2Fcomments&post=2440"}],"version-history":[{"count":0,"href":"https:\/\/archives.regards.fr\/index.php?rest_route=\/wp\/v2\/posts\/2440\/revisions"}],"wp:attachment":[{"href":"https:\/\/archives.regards.fr\/index.php?rest_route=%2Fwp%2Fv2%2Fmedia&parent=2440"}],"wp:term":[{"taxonomy":"category","embeddable":true,"href":"https:\/\/archives.regards.fr\/index.php?rest_route=%2Fwp%2Fv2%2Fcategories&post=2440"},{"taxonomy":"post_tag","embeddable":true,"href":"https:\/\/archives.regards.fr\/index.php?rest_route=%2Fwp%2Fv2%2Ftags&post=2440"}],"curies":[{"name":"wp","href":"https:\/\/api.w.org\/{rel}","templated":true}]}}