{"id":2419,"date":"2006-12-13T00:00:00","date_gmt":"2006-12-12T23:00:00","guid":{"rendered":"https:\/\/wp.muchomaas.com\/bolivie-2002-2006-au-dessous-des2419\/"},"modified":"2006-12-13T00:00:00","modified_gmt":"2006-12-12T23:00:00","slug":"bolivie-2002-2006-au-dessous-des2419","status":"publish","type":"post","link":"https:\/\/archives.regards.fr\/?p=2419","title":{"rendered":"Bolivie 2002 : 2006 : Au-dessous des volcans"},"content":{"rendered":"<p>Du Vendredi 1 d\u00e9cembre au Dimanche 28 janvier, en France (mais aussi en Suisse, en Belgique, et en Su\u00e8de), l&#8217;\u00e9quipe du film \u00ab  Bolivie 2002 &#8211; 2006. Au-dessous des volcans \u00bb, organise une tourn\u00e9e de projections-d\u00e9bats. Elles auront lieu en pr\u00e9sence du r\u00e9alisateur, Ren\u00e9 D\u00e1vila, mais aussi de<\/p>\n<p>Sergio C\u00e1ceres (\u00e9diteur du journal El Juguete Rabioso, \u00e0 La Paz), Paco Pe\u00f1a (professeur \u00e0 l&#8217;universit\u00e9 Paris I et correspondant de la revue Punto Final et de Radio Habana) et Gilles Baudin (journaliste, ancien correspondant en Am\u00e9rique latine).<\/p>\n<p>Le film :<\/p>\n<p>Il est construit comme un voyage \u00e0 travers la g\u00e9ographie et l&#8217;histoire r\u00e9cente de la Bolivie. Il commence \u00e0 Santa Cruz de la Sierra en 2002, et se termine \u00e0 La Paz en 2006. Au cours de ces cinq ann\u00e9es, Ren\u00e9 Davila rencontre les protagonistes d&#8217;un processus complexe et passionnant : dirigeants sociaux, analystes, beaucoup d&#8217;acteurs anonymes de ces ann\u00e9es d\u00e9cisives. Il s&#8217;entretient \u00e9galement avec Evo Morales, pr\u00e9sident actuel, et Alvaro Garc\u00eda, sociologue, ex-gu\u00e9rillero et prisonnier politique, aujourd&#8217;hui vice-pr\u00e9sident de la Bolivie.<\/p>\n<p>Le documentaire est structur\u00e9 par chapitres correspondants aux diff\u00e9rents moments cl\u00e9s de l&#8217;histoire r\u00e9cente de la Bolivie. Le premier est centr\u00e9 sur l&#8217;arriv\u00e9e du Mouvement Au Socialisme (MAS) au Congr\u00e8s, incluant des \u00e9l\u00e9ments g\u00e9n\u00e9raux sur le pays. Les suivants traitent de la premi\u00e8re et seconde Guerre du gaz, de la tentative d&#8217;autonomie de la r\u00e9gion de Santa Cruz, des \u00e9lections pr\u00e9sidentielles et de la prise du pouvoir. <\/p>\n<p>Chapitres :<\/p>\n<p>1- Bolivie ( 2002 )<\/p>\n<p>2- La Guerre du Gaz ( 2003 )<\/p>\n<p>3- Cocaleros ( 2004 )<\/p>\n<p>4- \u00a1Viva Santa Cruz! ( 2005 )<\/p>\n<p>5- Deuxi\u00e8me Guerre du Gaz ( 2005 )<\/p>\n<p>6- Evo Morales \u00e0 Paris ( 2005 )<\/p>\n<p>7- Les \u00e9lections ( 2005 )<\/p>\n<p>8- Pachakutik ( 2006 )<\/p>\n<p>Pour vous tenir inform\u00e9s des dates de projection, pour plus d&#8217;infos sur le film : http:\/\/abacq.free.fr\/bolivia\/<\/p>\n<p>Pour tout renseignement ou pour organiser une projection-d\u00e9bat :<\/p>\n<p>dvlprod@gmail.com<\/p>\n","protected":false},"excerpt":{"rendered":"<p>Du Vendredi 1 d\u00e9cembre au Dimanche 28 janvier, en France (mais aussi en Suisse, en Belgique, et en Su\u00e8de), l&#8217;\u00e9quipe du film \u00ab Bolivie 2002 &#8211; 2006. Au-dessous des volcans \u00bb, organise une tourn\u00e9e de projections-d\u00e9bats. Elles auront lieu en pr\u00e9sence du r\u00e9alisateur, Ren\u00e9 D\u00e1vila, mais aussi de Sergio C\u00e1ceres (\u00e9diteur du journal El Juguete [&hellip;]<\/p>\n","protected":false},"author":1,"featured_media":0,"comment_status":"open","ping_status":"open","sticky":false,"template":"","format":"standard","meta":{"_themeisle_gutenberg_block_has_review":false,"footnotes":""},"categories":[141],"tags":[299],"class_list":["post-2419","post","type-post","status-publish","format-standard","hentry","category-archives-web","tag-cinema"],"_links":{"self":[{"href":"https:\/\/archives.regards.fr\/index.php?rest_route=\/wp\/v2\/posts\/2419","targetHints":{"allow":["GET"]}}],"collection":[{"href":"https:\/\/archives.regards.fr\/index.php?rest_route=\/wp\/v2\/posts"}],"about":[{"href":"https:\/\/archives.regards.fr\/index.php?rest_route=\/wp\/v2\/types\/post"}],"author":[{"embeddable":true,"href":"https:\/\/archives.regards.fr\/index.php?rest_route=\/wp\/v2\/users\/1"}],"replies":[{"embeddable":true,"href":"https:\/\/archives.regards.fr\/index.php?rest_route=%2Fwp%2Fv2%2Fcomments&post=2419"}],"version-history":[{"count":0,"href":"https:\/\/archives.regards.fr\/index.php?rest_route=\/wp\/v2\/posts\/2419\/revisions"}],"wp:attachment":[{"href":"https:\/\/archives.regards.fr\/index.php?rest_route=%2Fwp%2Fv2%2Fmedia&parent=2419"}],"wp:term":[{"taxonomy":"category","embeddable":true,"href":"https:\/\/archives.regards.fr\/index.php?rest_route=%2Fwp%2Fv2%2Fcategories&post=2419"},{"taxonomy":"post_tag","embeddable":true,"href":"https:\/\/archives.regards.fr\/index.php?rest_route=%2Fwp%2Fv2%2Ftags&post=2419"}],"curies":[{"name":"wp","href":"https:\/\/api.w.org\/{rel}","templated":true}]}}