{"id":2387,"date":"2006-10-09T00:00:00","date_gmt":"2006-10-08T22:00:00","guid":{"rendered":"https:\/\/wp.muchomaas.com\/les-balles-reduiront-elles-au2387\/"},"modified":"2006-10-09T00:00:00","modified_gmt":"2006-10-08T22:00:00","slug":"les-balles-reduiront-elles-au2387","status":"publish","type":"post","link":"https:\/\/archives.regards.fr\/?p=2387","title":{"rendered":"Les balles r\u00e9duiront-elles au silence le peuple de Oaxaca?"},"content":{"rendered":"<p class=\"post_excerpt\"> A Oaxaca, dans le sud du Mexique, un soul\u00e8vement populaire dure depuis plus de cinq mois. Les m\u00e9dias fran\u00e7ais sont rest\u00e9s \u00e9trangement muets, jusqu&#8217;\u00e0 l&#8217;intervention de la police f\u00e9d\u00e9rale fin octobre. <\/p>\n<p>Dimanche 29 octobre, la police f\u00e9d\u00e9rale mexicaine prend d&#8217;assaut la commune de Oaxaca, en \u00e9tat d&#8217;insurrection. Cette ville de 260 000 habitants, \u00e0 400 km au sud de Mexico, fait alors les titres de l&#8217;actualit\u00e9 internationale dans la presse fran\u00e7aise. Le lundi, Lib\u00e9ration titrait : \u00ab Mexique : les forces f\u00e9d\u00e9rales investissent Oaxaca l&#8217;insurg\u00e9e \u00bb, le Figaro annon\u00e7ait que \u00ab Mexico tente de calmer l&#8217;insurrection d&#8217;Oaxaca \u00bb, et le Monde parlait de \u00ab La r\u00e9pression pour mater l&#8217;insurrection \u00bb. Mais le quasi-silence m\u00e9diatique avait jusqu&#8217;alors pr\u00e9valu. Car cela faisait cinq mois que 70 000 instituteurs de l&#8217;Etat d&#8217;Oaxaca avaient entam\u00e9 une gr\u00e8ve. Ils ont \u00e9t\u00e9 rejoints par de nombreuses organisations sociales et des mouvements politiques de gauche et d&#8217;extr\u00eame gauche, au sein de l&#8217;assembl\u00e9e populaire des peuples de Oaxaca (APPO). <\/p>\n<p>Les demandes initiales des instituteurs concernant leurs conditions de travail se sont rapidement \u00e9largies \u00e0 des revendications sociales, et \u00e0 l&#8217;exigence de la d\u00e9mission du gouverneur comme pr\u00e9alable \u00e0 toute n\u00e9gociation. Apr\u00e8s le premier assaut -repouss\u00e9- des brigades anti-\u00e9meutes au mois de juin, qui ont entra\u00een\u00e9 la mort d&#8217;au moins une dizaine de personnes, le mouvement s&#8217;est radicalis\u00e9. N\u00e9gocier avec un gouvernement qui ouvre le feux sur les manifestants n&#8217;\u00e9tait plus \u00e0 l&#8217;ordre du jour. L&#8217;APPO prend alors le contr\u00f4le d&#8217;une grande partie de la ville en dressant des centaines de barricades. Dans l&#8217;Etat d&#8217;Oaxaca, plusieurs mairies sont \u00e9galement occup\u00e9es. Les habitants s&#8217;organisent, des commissions de l&#8217;APPO sont cr\u00e9\u00e9es pour s&#8217;occuper de l&#8217;approvisionnement, de la sant\u00e9, de la s\u00e9curit\u00e9, de la presse, etc. Une r\u00e9flexion est men\u00e9e par les d\u00e9l\u00e9gu\u00e9s de l&#8217;APPO pour mettre au point un \u00ab nouveau contrat social \u00bb, bas\u00e9 sur une nouvelle d\u00e9mocratie, une \u00e9conomie solidaire, une nouvelle \u00e9ducation, une justice sociale et des moyens de communication au service des peuples. Des manifestations regroupent jusqu&#8217;\u00e0 800 000 personnes.<\/p>\n<p><strong> Silence et d\u00e9sinformation m\u00e9diatique <\/strong><\/p>\n<p>De tout cela, il en sera tr\u00e8s peu question dans les m\u00e9dias fran\u00e7ais. Le Monde se r\u00e9veillera au bout de trois mois, Lib\u00e9ration aura besoin d&#8217;un mois suppl\u00e9mentaire (1). Dans ces rares \u00e9vocations du soul\u00e8vement de Oaxaca, les journalistes n&#8217;oublient pas de mentionner que les instituteurs en gr\u00e8ve privent alors 1,3 million d&#8217;enfants de leur droit \u00e0 l&#8217;enseignement. Il aurait fallu rappeler que la population de cet Etat, parmi les plus pauvres du Mexique, est depuis trop longtemps priv\u00e9e de droits sociaux et politiques et des besoins les  plus fondamentaux !<\/p>\n<p>Le 29 octobre, le gouvernement f\u00e9d\u00e9ral a donc d\u00e9cid\u00e9 de tenter un coup de force. Plus de 4000 policiers ont \u00e9t\u00e9 d\u00e9ploy\u00e9s et les affrontements ont fait plusieurs morts, dont un enfant, une institutrice et un journaliste ind\u00e9pendant du r\u00e9seau Indym\u00e9dia (2). Toute la presse est alors pr\u00e9sente pour relater l&#8217;\u00e9v\u00e9nement et annoncer la fin de l&#8217;insurrection \u00e0 Oaxaca. Le Figaro du lundi affirmait que \u00ab la crise qui secoue depuis cinq mois Oaxaca arrive \u00e0 son terme \u00bb. Le mardi, Lib\u00e9ration titre : \u00ab l&#8217;arm\u00e9e mexicaine reprend Oaxaca la rebelle \u00bb. Pourtant, des informations contradictoires circulent alors, et cette annonce sembla bien pr\u00e9cipit\u00e9e. Dans son communiqu\u00e9 du 30 octobre, l&#8217;APPO affirmait en effet que pour \u00e9viter l&#8217;affrontement, \u00ab sur instruction de la commission de s\u00e9curit\u00e9 de l&#8217;APPO \u00bb de nombreuses barricades \u00ab ont \u00e9t\u00e9 abandonn\u00e9es pour se rassembler dans la ville universitaire \u00bb. Celle-ci devait logiquement \u00eatre prot\u00e9g\u00e9e de part l&#8217;impossibilit\u00e9 l\u00e9gale d&#8217;une intervention de la police dans ces lieux. <\/p>\n<p> Le 2 novembre, bafouant le statut d&#8217;autonomie de l&#8217;universit\u00e9, les policiers anti-\u00e9meutes attaquent le campus o\u00f9 se trouve \u00e9galement la derni\u00e8re radio permettant \u00e0 l&#8217;APPO de transmettre des informations. Camions blind\u00e9s, h\u00e9licopt\u00e8res, canons \u00e0 eau et policiers \u00e9quip\u00e9s de mitraillettes, s&#8217;opposent  \u00e0 des manifestants arm\u00e9s de lances pierres, frondes et cocktails molotov. Apr\u00e8s une journ\u00e9e de durs affrontements, la police f\u00e9d\u00e9rale est d\u00e9bord\u00e9e par des dizaines de milliers de personnes venues en renfort. Elle est contrainte de se replier vers l&#8217;a\u00e9roport. La r\u00e9sistance populaire de Oaxaca repousse le deuxi\u00e8me assaut massif des forces de police, apr\u00e8s celui du mois de juin.<\/p>\n<p><strong> Mouvements de solidarit\u00e9 avec Oaxaca <\/strong><\/p>\n<p>         Des initiatives de solidarit\u00e9 nationale et internationale se multiplient. D\u00e8s le 30 octobre,  des manifestations ont \u00e9t\u00e9 organis\u00e9es \u00e0 Mexico, au Chiapas et ailleurs dans le pays. D&#8217;autres ont eu lieu au Br\u00e9sil, au Venezuela, aux Etats-Unis, en France (3), en Italie, en Grande Bretagne ou en Espagne. A l &#8216;appel du mouvement zapatiste, des blocages de routes et des manifestations ont eu lieu le 1er novembre dans diff\u00e9rentes r\u00e9gions du Mexique. Le 20 novembre, jour anniversaire de la r\u00e9volution mexicaine de 1910, les zapatistes appellent \u00e0 l&#8217;organisation d&#8217;une gr\u00e8ve nationale et d&#8217;une journ\u00e9e d&#8217;action internationale (4).<\/p>\n<p>A Oaxaca, la d\u00e9termination de la population semble toujours aussi forte. Dimanche 5 novembre, une manifestation importante a eu lieu, mobilisant des habitants de tout l&#8217;Etat de Oaxaca. Les instituteurs, qui avaient annonc\u00e9 une reprise des cours fin octobre, sont revenus sur leur d\u00e9cision face \u00e0 la r\u00e9ponse brutale du gouvernement mexicain. Dans d&#8217;autres Etats du Mexique, des instituteurs se sont \u00e9galement mis en gr\u00e8ve. Quant \u00e0 l&#8217;APPO, elle organise son premier congr\u00e8s constitutif du 10 au 12 novembre, pour  former un conseil des peuples de Oaxaca et d\u00e9finir les statuts, le programme et les objectifs de l&#8217;assembl\u00e9e. A chaque communiqu\u00e9, son mot d&#8217;ordre reste inchang\u00e9 : \u00ab Tout le pouvoir au peuple! \u00bb.<\/p>\n<p>Mais la situation demeure extr\u00eamement tendue. Des renforts suppl\u00e9mentaires d&#8217;effectifs de police sont arriv\u00e9s et des attaques r\u00e9guli\u00e8res ont lieu contre les habitants. La population s&#8217;attend \u00e0 de nouvelles op\u00e9rations des forces de police et \u00e0 une r\u00e9pression massive. Quant aux m\u00e9dias fran\u00e7ais, ils se font \u00e0 nouveau plus silencieux depuis quelques jours&#8230;<\/p>\n<p> (1) \u00ab La r\u00e9volution sera-t-elle t\u00e9l\u00e9vis\u00e9e \u00bb, Nicolas Arraitz, octobre 2006, CQFD n\u00b038.<\/p>\n<p> (2) Pour lire la derni\u00e8re contribution de Brad Will, le journaliste am\u00e9ricain d&#8217;Indym\u00e9dia New York, tu\u00e9 vendredi \u00e0 Oaxaca : Lien : http:\/\/bellaciao.org\/fr\/article.php3?id_article=36068<\/p>\n<p> (3) Une centaine de personnes se sont rassembl\u00e9es devant l&#8217;ambassade du Mexique. Des photos de la manifestation sur http:\/\/paris.indymedia.org\/article.php3?id_article=71925.<\/p>\n<p> (4) A paris, une manifestation est organis\u00e9e  le lundi 20 novembre \u00e0 18 h 30, \u00e0 l&#8217;appel du Comit\u00e9 de solidarit\u00e9 avec les peuples du Chiapas en lutte (voir agenda militant).<\/p>\n<p><strong> Pour en savoir plus (sites d&#8217;information, vid\u00e9os, photos) : <\/strong><\/p>\n<p>Des informations et des communiqu\u00e9s r\u00e9guliers sur des sites militants:  www.paris.indymedia.org, www.bellaciao.org ou www.cspcl.ouvaton.org<\/p>\n<p>Site internet de l&#8217;APPO, avec ses communiqu\u00e9s de  presse en ligne et des vid\u00e9os suite \u00e0 l&#8217;entr\u00e9e de la police f\u00e9d\u00e9rale dans Oaxaca :<\/p>\n<p>Lien :  http:\/\/www.asambleapopulardeoaxaca.com\/<\/p>\n<p>Photos de la manifestation du 5 novembre \u00e0 Oaxaca :<\/p>\n<p>Lien : Photos from mega-marcha in Oaxaca <\/p>\n<p>Vid\u00e9o de la marche sur Mexico : d\u00e9but octobre, quelques milliers d&#8217;enseignants de Oaxaca d\u00e9cident de rejoindre la capitale . <\/p>\n<p>Lien : http:\/\/video.indymedia.org\/download\/%5BIndymedia%5D_(2006-10-02)_OAXACA_marcha-Caminata-OAX-DF_sept06__indyOax.mov<\/p>\n","protected":false},"excerpt":{"rendered":"<p> A Oaxaca, dans le sud du Mexique, un soul\u00e8vement populaire dure depuis plus de cinq mois. Les m\u00e9dias fran\u00e7ais sont rest\u00e9s \u00e9trangement muets, jusqu&#8217;\u00e0 l&#8217;intervention de la police f\u00e9d\u00e9rale fin octobre. <\/p>\n","protected":false},"author":1,"featured_media":0,"comment_status":"open","ping_status":"open","sticky":false,"template":"","format":"standard","meta":{"_themeisle_gutenberg_block_has_review":false,"footnotes":""},"categories":[141],"tags":[289],"class_list":["post-2387","post","type-post","status-publish","format-standard","hentry","category-archives-web","tag-ameriques"],"_links":{"self":[{"href":"https:\/\/archives.regards.fr\/index.php?rest_route=\/wp\/v2\/posts\/2387","targetHints":{"allow":["GET"]}}],"collection":[{"href":"https:\/\/archives.regards.fr\/index.php?rest_route=\/wp\/v2\/posts"}],"about":[{"href":"https:\/\/archives.regards.fr\/index.php?rest_route=\/wp\/v2\/types\/post"}],"author":[{"embeddable":true,"href":"https:\/\/archives.regards.fr\/index.php?rest_route=\/wp\/v2\/users\/1"}],"replies":[{"embeddable":true,"href":"https:\/\/archives.regards.fr\/index.php?rest_route=%2Fwp%2Fv2%2Fcomments&post=2387"}],"version-history":[{"count":0,"href":"https:\/\/archives.regards.fr\/index.php?rest_route=\/wp\/v2\/posts\/2387\/revisions"}],"wp:attachment":[{"href":"https:\/\/archives.regards.fr\/index.php?rest_route=%2Fwp%2Fv2%2Fmedia&parent=2387"}],"wp:term":[{"taxonomy":"category","embeddable":true,"href":"https:\/\/archives.regards.fr\/index.php?rest_route=%2Fwp%2Fv2%2Fcategories&post=2387"},{"taxonomy":"post_tag","embeddable":true,"href":"https:\/\/archives.regards.fr\/index.php?rest_route=%2Fwp%2Fv2%2Ftags&post=2387"}],"curies":[{"name":"wp","href":"https:\/\/api.w.org\/{rel}","templated":true}]}}