{"id":2386,"date":"2006-11-01T00:00:00","date_gmt":"2006-10-31T23:00:00","guid":{"rendered":"https:\/\/wp.muchomaas.com\/le-desert-des-tartares-de-valerio2386\/"},"modified":"2006-11-01T00:00:00","modified_gmt":"2006-10-31T23:00:00","slug":"le-desert-des-tartares-de-valerio2386","status":"publish","type":"post","link":"https:\/\/archives.regards.fr\/?p=2386","title":{"rendered":"Le d\u00e9sert des Tartares, de Valerio Zurlini, 1976"},"content":{"rendered":"<p class=\"post_excerpt\"> D&#8217;apr\u00e8s l&#8217;oeuvre de Dino Buzzati (1940), au cin\u00e9ma Champo le 8 novembre 2006. <\/p>\n<p> Apr\u00e8s Journal intime, programm\u00e9 depuis le 25 octobre, le Champo poursuit son hommage \u00e0 Valerio Zurlini. En collaboration avec l&#8217;Institut Luce de Rome, le Champo programme donc, \u00e0 partir du 8 novembre, un de ses chefs-d&#8217;oeuvre : Le d\u00e9sert des Tartares. Sortie en 1976, cette co-production franco-italienne, est une adaptation du livre \u00e9ponyme de Dino Buzzati. <\/p>\n<p><strong> Synopsis du film : <\/strong><\/p>\n<p>Le jeune lieutenant Drogo, arrive au fort de Bastiano, derni\u00e8re place forte devant un vaste horizon d\u00e9sertique. Une poign\u00e9e d&#8217;hommes, fascin\u00e9s par l&#8217;illusion de la gloire militaire, usent leur vie dans l&#8217;attente, contre toute raison, d&#8217;une improbable invasion des Tartares .<\/p>\n<p><strong> Acteurs : <\/strong><\/p>\n<p> Le D\u00e9sert des Tartares, (Il deserto dei Tartari), tourn\u00e9 dans les d\u00e9cors remarquables du vieux fort du temps des Crois\u00e9s, pr\u00e9sente une distribution internationale prestigieuse. A l&#8217;affiche : Vittorio Gassman, Giuliano Gemma, Philippe Noiret, Jacques Perrin, Laurent Terzieff, Fernando Rey, Jean-Louis Trintignant, Max von Sydow, Helmut Griem, Francisco Rabal et pour la musique, Ennio Morricone.<\/p>\n<p><strong> Le r\u00e9alisateur, Valerio Zurlini : <\/strong><\/p>\n<p> N\u00e9 \u00e0 Bologne en 1926, il \u00e9tudie le droit et fait du th\u00e9\u00e2tre avant d&#8217;arriver \u00e0 Rome o\u00f9, \u00e0 la fin des ann\u00e9es 1940, il tourne plusieurs court-m\u00e9trages. C&#8217;est en 1954 qu&#8217;il signe son premier long-m\u00e9trage, Les jeunes filles de San Frediano d&#8217;apr\u00e8s le roman de Vasco Pratolini, mais il n&#8217;est reconnu qu&#8217;avec L&#8217;\u00e9t\u00e9 violent en 1959, une histoire d&#8217;amour se d\u00e9roulant sur fond de d\u00e9b\u00e2cle du fascisme. Puis viennent, entre autres, La fille \u00e0 la valise en 1961, Journal intime en 1962 (lion d&#8217;or \u00e0 Venise) o\u00f9 il adapte un autre beau texte de Pratolini, Des filles pour l&#8217;arm\u00e9e en 1965, Seduto alla sua destra en 1968, et surtout Le professeur en 1972, avec Alain Delon et Lea Massari.<\/p>\n<p>Le d\u00e9sert des Tartares est son dernier film. Cette ?uvre, la plus forte de Valerio Zurlini, est peut-\u00eatre la plus fid\u00e8le adaptation du roman de Dino Buzzati. Valerio Zurlini meurt \u00e0 V\u00e9rone, en 1982.<\/p>\n<p><strong> L&#8217;\u00e9crivain Dino Buzzati : <\/strong><\/p>\n<p>L&#8217;\u00e9crivain italien avait trente-quatre ans lorsqu&#8217;il publia en 1940 Le d\u00e9sert des Tartares, aujourd&#8217;hui devenu un classique de la litt\u00e9rature mondiale. Le propos de Dino Buzzati, ma\u00eetre du bizarre, est de nous montrer une communaut\u00e9 d&#8217;hommes br\u00fblant ses espoirs dans une attente manifestement inutile. \u00ab Par la fable, le conte, le fantastique, par toutes les ressources de son imaginaire, Buzzati s&#8217;emploie \u00e0 faire grincer les engrenages logiques, \u00e0 \u00e9largir les fissures, nous contraignant \u00e0 toucher du doigt les incoh\u00e9rences de ce que nous avons appris \u00e0 nommer le r\u00e9el. \u00bb (R. Delpiano)<\/p>\n","protected":false},"excerpt":{"rendered":"<p> D&#8217;apr\u00e8s l&#8217;oeuvre de Dino Buzzati (1940), au cin\u00e9ma Champo le 8 novembre 2006. <\/p>\n","protected":false},"author":1,"featured_media":0,"comment_status":"open","ping_status":"open","sticky":false,"template":"","format":"standard","meta":{"_themeisle_gutenberg_block_has_review":false,"footnotes":""},"categories":[141],"tags":[299],"class_list":["post-2386","post","type-post","status-publish","format-standard","hentry","category-archives-web","tag-cinema"],"_links":{"self":[{"href":"https:\/\/archives.regards.fr\/index.php?rest_route=\/wp\/v2\/posts\/2386","targetHints":{"allow":["GET"]}}],"collection":[{"href":"https:\/\/archives.regards.fr\/index.php?rest_route=\/wp\/v2\/posts"}],"about":[{"href":"https:\/\/archives.regards.fr\/index.php?rest_route=\/wp\/v2\/types\/post"}],"author":[{"embeddable":true,"href":"https:\/\/archives.regards.fr\/index.php?rest_route=\/wp\/v2\/users\/1"}],"replies":[{"embeddable":true,"href":"https:\/\/archives.regards.fr\/index.php?rest_route=%2Fwp%2Fv2%2Fcomments&post=2386"}],"version-history":[{"count":0,"href":"https:\/\/archives.regards.fr\/index.php?rest_route=\/wp\/v2\/posts\/2386\/revisions"}],"wp:attachment":[{"href":"https:\/\/archives.regards.fr\/index.php?rest_route=%2Fwp%2Fv2%2Fmedia&parent=2386"}],"wp:term":[{"taxonomy":"category","embeddable":true,"href":"https:\/\/archives.regards.fr\/index.php?rest_route=%2Fwp%2Fv2%2Fcategories&post=2386"},{"taxonomy":"post_tag","embeddable":true,"href":"https:\/\/archives.regards.fr\/index.php?rest_route=%2Fwp%2Fv2%2Ftags&post=2386"}],"curies":[{"name":"wp","href":"https:\/\/api.w.org\/{rel}","templated":true}]}}