{"id":2376,"date":"2006-04-01T00:00:00","date_gmt":"2006-03-31T22:00:00","guid":{"rendered":"https:\/\/wp.muchomaas.com\/dans-la-vente-on-vous-jette-quand2376\/"},"modified":"2006-04-01T00:00:00","modified_gmt":"2006-03-31T22:00:00","slug":"dans-la-vente-on-vous-jette-quand2376","status":"publish","type":"post","link":"https:\/\/archives.regards.fr\/?p=2376","title":{"rendered":"\u00ab Dans la vente, on vous jette quand vous atteignez un certain \u00e2ge \u00bb"},"content":{"rendered":"<p>\u00ab Je suis vendeur chez Office D\u00e9p\u00f4t, un magasin de fourniture de bureau. J&#8217;ai eu un parcours tr\u00e8s sinueux. Parti du lyc\u00e9e sans le bac, je suis entr\u00e9 dans une \u00e9cole de cin\u00e9ma. Je voulais \u00eatre r\u00e9alisateur, j&#8217;\u00e9tais un grand r\u00eaveur \u00e0 l&#8217;\u00e9poque ! Mes parents, plut\u00f4t de condition modeste, se sont saign\u00e9s pour cette \u00e9cole payante et ch\u00e8re. Mon p\u00e8re est carrossier au ch\u00f4mage et ma m\u00e8re pr\u00e9paratrice de pharmacie. Mais comme je n&#8217;ai aucune connaissance dans le milieu du cin\u00e9ma, \u00e7a n&#8217;a pas fonctionn\u00e9 comme je l&#8217;esp\u00e9rais. J&#8217;ai alors encha\u00een\u00e9 avec une capacit\u00e9 en droit pendant deux ans afin d&#8217;avoir l&#8217;\u00e9quivalent du bac. Puis j&#8217;ai ex\u00e9cut\u00e9 mon service militaire dans la police et cela m&#8217;a m\u00eame travers\u00e9 l&#8217;esprit d&#8217;y rester. Mais j&#8217;ai vu des choses catastrophiques : de l&#8217;alcoolisme, de la violence, de la d\u00e9linquance polici\u00e8re&#8230; \u00c7a ne faisait vraiment pas envie. Et puis, quand vous rentrez chez vous, vous avez encore l&#8217;impression de porter l&#8217;uniforme et d&#8217;\u00eatre un flic.<\/p>\n<p><strong> Alors j&#8217;ai tent\u00e9 un DEUG de psychologie, que j&#8217;ai** obtenu par correspondance. Mais c&#8217;\u00e9tait une p\u00e9riode difficile et fatigante parce que pour payer mes \u00e9tudes, j&#8217;\u00e9tais agent de s\u00e9curit\u00e9. Je travaillais la nuit et \u00e9tudiais le jour. J&#8217;ai donc d\u00e9cid\u00e9 de m&#8217;orienter vers une formation de concepteur Web. Mais cela ne m&#8217;a men\u00e9 qu&#8217;\u00e0 des stages, qui m&#8217;ouvraient les portes d&#8217;autres stages qui \u00e9ventuellement m&#8217;am\u00e8neraient **\u00e0 des stages ! <\/strong><\/p>\n<p>Puis j&#8217;ai eu besoin de stabilit\u00e9. \u00c7a devenait mon objectif. J&#8217;ai encha\u00een\u00e9 les CDD chez Micromania, chez Celio ou la Fnac. Quand je suis arriv\u00e9 chez Office D\u00e9p\u00f4t, j&#8217;ai eu droit \u00e0 un CDI. J&#8217;ai fonc\u00e9 parce que, comme je me suis mis en couple \u00e0 ce moment-l\u00e0, j&#8217;avais envie de s\u00e9curit\u00e9.<\/p>\n<p>Au quotidien, mon objectif, c&#8217;est de satisfaire le client. Je leur propose des services, comme les cartes de visite, les brochures, les reliures&#8230; Il faut qu&#8217;ils soient contents afin de les fid\u00e9liser, ce n&#8217;est pas comme de vendre une paire de chaussures.<\/p>\n<p>Les possibilit\u00e9s d&#8217;\u00e9volution sont assez&#8230; al\u00e9atoires ! Mon point fort, c&#8217;est le contact avec les clients. Je sais d\u00e9samorcer les conflits, ce qui est tr\u00e8s utile dans la vente. Au niveau reconnaissance, il ne faut rien attendre. On est un peu du b\u00e9tail, comme partout. Dans la vente, on vous jette quand vous atteignez un certain \u00e2ge, alors il faudra penser \u00e0 autre chose. Je n&#8217;ai pas encore vraiment d&#8217;id\u00e9e, mais \u00e7a ne me fait pas peur, j&#8217;ai l&#8217;habitude.<\/p>\n<p>\/Enacdr\u00e9 :\/<\/p>\n<p>\/Chez les moins de trente ans, un vendeur sur deux a le bac ou plus. Les emplois de salari\u00e9s sont des m\u00e9tiers d&#8217;insertion pour les jeunes et le poids des hommes se renforce m\u00eame si les femmes demeurent majoritaires (69 %). Les effectifs stagnent depuis 1994 apr\u00e8s avoir fortement chut\u00e9 au d\u00e9but des ann\u00e9es 1990.\/<\/p>\n","protected":false},"excerpt":{"rendered":"<p>\u00ab Je suis vendeur chez Office D\u00e9p\u00f4t, un magasin de fourniture de bureau. J&#8217;ai eu un parcours tr\u00e8s sinueux. Parti du lyc\u00e9e sans le bac, je suis entr\u00e9 dans une \u00e9cole de cin\u00e9ma. Je voulais \u00eatre r\u00e9alisateur, j&#8217;\u00e9tais un grand r\u00eaveur \u00e0 l&#8217;\u00e9poque ! Mes parents, plut\u00f4t de condition modeste, se sont saign\u00e9s pour cette [&hellip;]<\/p>\n","protected":false},"author":569,"featured_media":0,"comment_status":"open","ping_status":"open","sticky":false,"template":"","format":"standard","meta":{"_themeisle_gutenberg_block_has_review":false,"footnotes":""},"categories":[141],"tags":[304],"class_list":["post-2376","post","type-post","status-publish","format-standard","hentry","category-archives-web","tag-travail"],"_links":{"self":[{"href":"https:\/\/archives.regards.fr\/index.php?rest_route=\/wp\/v2\/posts\/2376","targetHints":{"allow":["GET"]}}],"collection":[{"href":"https:\/\/archives.regards.fr\/index.php?rest_route=\/wp\/v2\/posts"}],"about":[{"href":"https:\/\/archives.regards.fr\/index.php?rest_route=\/wp\/v2\/types\/post"}],"author":[{"embeddable":true,"href":"https:\/\/archives.regards.fr\/index.php?rest_route=\/wp\/v2\/users\/569"}],"replies":[{"embeddable":true,"href":"https:\/\/archives.regards.fr\/index.php?rest_route=%2Fwp%2Fv2%2Fcomments&post=2376"}],"version-history":[{"count":0,"href":"https:\/\/archives.regards.fr\/index.php?rest_route=\/wp\/v2\/posts\/2376\/revisions"}],"wp:attachment":[{"href":"https:\/\/archives.regards.fr\/index.php?rest_route=%2Fwp%2Fv2%2Fmedia&parent=2376"}],"wp:term":[{"taxonomy":"category","embeddable":true,"href":"https:\/\/archives.regards.fr\/index.php?rest_route=%2Fwp%2Fv2%2Fcategories&post=2376"},{"taxonomy":"post_tag","embeddable":true,"href":"https:\/\/archives.regards.fr\/index.php?rest_route=%2Fwp%2Fv2%2Ftags&post=2376"}],"curies":[{"name":"wp","href":"https:\/\/api.w.org\/{rel}","templated":true}]}}