{"id":2369,"date":"2006-05-01T00:00:00","date_gmt":"2006-04-30T22:00:00","guid":{"rendered":"https:\/\/wp.muchomaas.com\/nos-mots-contre-vos-images2369\/"},"modified":"2006-05-01T00:00:00","modified_gmt":"2006-04-30T22:00:00","slug":"nos-mots-contre-vos-images2369","status":"publish","type":"post","link":"https:\/\/archives.regards.fr\/?p=2369","title":{"rendered":"Nos mots contre vos images"},"content":{"rendered":"<p>Dimanche, midi et demi, il y a TD d&#8217;analyse d&#8217;images audiovisuelles. Pas \u00e0 la fac, \u00e0 la t\u00e9l\u00e9vision, sur France 5. La s\u00e9ance n&#8217;a pas \u00e9t\u00e9 confi\u00e9e \u00e0 un jeune charg\u00e9 de travaux dirig\u00e9s en cours d&#8217;\u00e9criture de th\u00e8se mais \u00e0 un homme m\u00fbr d&#8217;\u00e2ge et d&#8217;exp\u00e9rience : Daniel Schneidermann. Autour de lui, sur un plateau \u00e9pur\u00e9 baign\u00e9 d&#8217;une clart\u00e9 bleut\u00e9e pour dire la transparence o\u00f9 on laisse voir, ponctuellement, une cam\u00e9ra, des plus jeunes vont pr\u00e9senter leurs expos\u00e9s. Qu&#8217;ont-ils choisi de d\u00e9crypter cette semaine ? Maja Nescovic, jeune femme au look d&#8217;\u00e9tudiante \u00e0 la peau limpide, aux yeux clairs, ni trop jolie ni trop coquette, juste cr\u00e9dible, est la premi\u00e8re \u00e0 prendre la parole. Son sujet : \u00ab la r\u00e9cente m\u00e9diatisation de la gr\u00e8ve de la faim du d\u00e9put\u00e9 Jean Lassalle, m\u00e9diatisation parfois un peu d\u00e9formante. \u00bb TF1, France 2, France 3, 13h, 20h, ils l&#8217;ont tous prononc\u00e9, le mot fort du moment, terrifiant et sensationnel : d\u00e9localisation. Il leur a servi pour lancer un reportage o\u00f9, finalement, la nouvelle \u00e9tait moins \u00e9mouvante : l&#8217;usine que le d\u00e9put\u00e9 craignait de voir fermer \u00e0 terme devait en fait \u00eatre agrandie 60 km plus bas. On tremble moins fort. CQFD. Daniel Schneidermann reste en retrait, intervient juste pour souligner un \u00e9l\u00e9ment important, reformuler avec p\u00e9dagogie, poser une question essentielle. Pourquoi les journalistes croient-ils manifestement davantage le d\u00e9put\u00e9 que le responsable de l&#8217;usine ? Pourquoi, une fois la victoire du d\u00e9put\u00e9 acquise, la critique \u00e0 son endroit prend-elle le dessus ? TF1, France 2, France 3, 13h, 20h, ah oui ! c&#8217;est vrai. Qu&#8217;est-ce qui explique ce retournement des m\u00e9dias ? Tiens oui, qu&#8217;est-ce qui l&#8217;explique ? C&#8217;est ensuite David Abiker, aux lunettes \u00e0 monture rectangulaire \u00e9paisse et noire des intellectuels d&#8217;aujourd&#8217;hui, qui analyse une s\u00e9quence traitant du m\u00eame fait d&#8217;actualit\u00e9 dans l&#8217;\u00e9mission de reportage Sept \u00e0 Huit de TF1. On regarde bien, il a raison : le face-\u00e0-face patron\/ouvrier au sein de l&#8217;usine qui fait d\u00e9bat est totalement construit par le journaliste qui use de grossiers artifices pour surjouer une v\u00e9rit\u00e9 \u00e0 laquelle l&#8217;audience avaient s\u00fbrement d\u00fb vouloir croire, la repr\u00e9sentation collective de l&#8217;incommunicabilit\u00e9 patron\/ouvrier \u00e9tant si pr\u00e9gnante. La t\u00e9l\u00e9 n&#8217;est pas toujours pr\u00eate \u00e0 tout pour bousculer ses t\u00e9l\u00e9spectateurs, bien au contraire. CQFD.<\/p>\n<p>Seconde partie de l&#8217;\u00e9mission, le d\u00e9bat. Aujourd&#8217;hui : Ecole, \u00ab les nouvelles m\u00e9thodes p\u00e9dagogiques sont-elles meilleures que celles d&#8217;hier ? \u00bb Un documentaire en plusieurs parties, Ecole(s) en France, est diffus\u00e9 ces temps-ci sur France 2. Christophe Nick, le r\u00e9alisateur, est sur le plateau. \u00ab Nous avons suivi des \u00e9coles que tout oppose sans jugement \u00bb, affirme-t-il en guise d&#8217;introduction dans son film. Menteur ! Il avait bien une id\u00e9e derri\u00e8re la t\u00eate, une th\u00e8se qu&#8217;il s&#8217;agissait d&#8217;\u00e9tayer. Sinon, pourquoi aurait-il choisi pour premi\u00e8res images, entre craies et tableau noir, la solitude d&#8217;un enfant face \u00e0 une question \u00e0 laquelle il se trouve incapable de r\u00e9pondre ? Car alors, bien s\u00fbr, le spectateur replonge imm\u00e9diatement dans les \u00e9motions de son enfance, les pleurs de l&#8217;\u00e9l\u00e8ve font vibrer la corde. \u00ab Dites-nous avec des mots ce que vous vouliez dire avec cette s\u00e9quence \u00bb, le coince Daniel Schneidermann. C&#8217;est sous-estimer l&#8217;invit\u00e9 qui lui aussi est du m\u00e9tier et livre au passage un point de vue spontan\u00e9 sur la fa\u00e7on dont l&#8217;\u00e9mission a construit le d\u00e9bat. \u00c7a vire \u00e0 l&#8217;analyse d&#8217;analyse, \u00e0 la m\u00e9tacritique. Pourquoi avoir choisi comme contradicteur Jean-Paul Brighelli, chevalier servant de l&#8217;\u00e9cole \u00e0 l&#8217;ancienne et ennemi autoproclam\u00e9 de la p\u00e9dagogie, pour faire mine de d\u00e9plorer na\u00efvement que la discussion ne soit pas moins violente ? On \u00e9coute, mais qui manipule qui, on ne sait plus. D&#8217;habitude, c&#8217;est plus simple.<\/p>\n<p>A force de d\u00e9monstrations, d&#8217;efforts p\u00e9dagogique, de mises en lumi\u00e8re de la mise en sc\u00e8ne de l&#8217;information, de la partialit\u00e9 des images, des tours du montage, de la course aux scoops, la preuve est d\u00e9sormais faite. Le propos ne fait que se r\u00e9p\u00e9ter, suivant le cours de l&#8217;actualit\u00e9, semaine apr\u00e8s semaine. Une limite se fait sentir. Peut-\u00eatre est-elle li\u00e9e \u00e0 la raison m\u00eame du dispositif ? L&#8217;objectivit\u00e9 vers laquelle l&#8217;\u00e9mission veut tendre, la v\u00e9rit\u00e9 finalement, ne prend jamais la forme incarn\u00e9e, concr\u00e8te, que rendent les images. Elle demeure une abstraction, un discours qui se cantonne \u00e0 son plateau, sa salle de cours et n&#8217;acc\u00e8de jamais au r\u00e9el. Elle est une critique des images qui ne se frotte qu&#8217;\u00e0 elles et ne leur oppose&#8230; que des mots. Une sorte de guerre des signes. Mais cela ne saurait \u00eatre une bonne raison pour s&#8217;arr\u00eater l\u00e0..<\/p>\n<p><strong> \u00abArr\u00eat sur images \u00bb,** **le dimanche \u00e0 12h40 sur France 5 <\/strong><\/p>\n","protected":false},"excerpt":{"rendered":"<p>Dimanche, midi et demi, il y a TD d&#8217;analyse d&#8217;images audiovisuelles. Pas \u00e0 la fac, \u00e0 la t\u00e9l\u00e9vision, sur France 5. La s\u00e9ance n&#8217;a pas \u00e9t\u00e9 confi\u00e9e \u00e0 un jeune charg\u00e9 de travaux dirig\u00e9s en cours d&#8217;\u00e9criture de th\u00e8se mais \u00e0 un homme m\u00fbr d&#8217;\u00e2ge et d&#8217;exp\u00e9rience : Daniel Schneidermann. Autour de lui, sur un [&hellip;]<\/p>\n","protected":false},"author":1,"featured_media":0,"comment_status":"open","ping_status":"open","sticky":false,"template":"","format":"standard","meta":{"_themeisle_gutenberg_block_has_review":false,"footnotes":""},"categories":[141],"tags":[287],"class_list":["post-2369","post","type-post","status-publish","format-standard","hentry","category-archives-web","tag-medias"],"_links":{"self":[{"href":"https:\/\/archives.regards.fr\/index.php?rest_route=\/wp\/v2\/posts\/2369","targetHints":{"allow":["GET"]}}],"collection":[{"href":"https:\/\/archives.regards.fr\/index.php?rest_route=\/wp\/v2\/posts"}],"about":[{"href":"https:\/\/archives.regards.fr\/index.php?rest_route=\/wp\/v2\/types\/post"}],"author":[{"embeddable":true,"href":"https:\/\/archives.regards.fr\/index.php?rest_route=\/wp\/v2\/users\/1"}],"replies":[{"embeddable":true,"href":"https:\/\/archives.regards.fr\/index.php?rest_route=%2Fwp%2Fv2%2Fcomments&post=2369"}],"version-history":[{"count":0,"href":"https:\/\/archives.regards.fr\/index.php?rest_route=\/wp\/v2\/posts\/2369\/revisions"}],"wp:attachment":[{"href":"https:\/\/archives.regards.fr\/index.php?rest_route=%2Fwp%2Fv2%2Fmedia&parent=2369"}],"wp:term":[{"taxonomy":"category","embeddable":true,"href":"https:\/\/archives.regards.fr\/index.php?rest_route=%2Fwp%2Fv2%2Fcategories&post=2369"},{"taxonomy":"post_tag","embeddable":true,"href":"https:\/\/archives.regards.fr\/index.php?rest_route=%2Fwp%2Fv2%2Ftags&post=2369"}],"curies":[{"name":"wp","href":"https:\/\/api.w.org\/{rel}","templated":true}]}}