{"id":2367,"date":"2006-03-01T00:00:00","date_gmt":"2006-02-28T23:00:00","guid":{"rendered":"https:\/\/wp.muchomaas.com\/l-ecran-et-la-journaliste2367\/"},"modified":"2006-03-01T00:00:00","modified_gmt":"2006-02-28T23:00:00","slug":"l-ecran-et-la-journaliste2367","status":"publish","type":"post","link":"https:\/\/archives.regards.fr\/?p=2367","title":{"rendered":"L&#8217;\u00e9cran et la journaliste"},"content":{"rendered":"<p class=\"post_excerpt\"> Soir 3 nouvelle formule <\/p>\n<p>Le m\u00e9dium, c&#8217;est le message. Ce n&#8217;est pas une d\u00e9couverte, mais le parti pris ostentatoire choisi par France 3 pour imaginer la nouvelle formule de son Soir 3. Soit un t\u00e9l\u00e9spectateur lambda ou une t\u00e9l\u00e9spectatrice epsilon, douillettement lov\u00e9(e) en chaussette, une tisane \u00e0 la main, devant son \u00e9cran aux alentours de 23 heures. Le g\u00e9n\u00e9rique se termine et l&#8217;\u00e9dition s&#8217;ouvre sur une journaliste debout, \u00e0 c\u00f4t\u00e9 d&#8217;un immense \u00e9cran de t\u00e9l\u00e9vision qui mange la moiti\u00e9 de l&#8217;\u00e9cran (le premier, celui de lambda-epsilon. Vous suivez ?). Et, tout au long du journal, le r\u00e9alisateur s&#8217;amuse avec les \u00e9crans et la journaliste, rarement pr\u00e9sente seule \u00e0 l&#8217;\u00e9cran. Que signifie tout cela ? Que la mondialisation de l&#8217;image a transform\u00e9 les journalistes en d\u00e9codeurs (ce qui ne serait pas une si mauvaise nouvelle) ? Que l&#8217;importance respective de l&#8217;une et des autres n&#8217;est plus ce que l&#8217;on croyait ? Qu&#8217;il faut toujours se m\u00e9fier d&#8217;un \u00e9cran allum\u00e9 ? Qu&#8217;importe, le questionnement est sans doute en soi une forme de r\u00e9ponse.<\/p>\n<p>Revenons \u00e0 notre \u00e9cran g\u00e9ant (le deuxi\u00e8me, celui qui est dans l&#8217;\u00e9cran. Vous y \u00eates ?). L&#8217;image qu&#8217;il nous projette est l\u00e9g\u00e8rement inclin\u00e9e, de haut en bas, obligeant l&#8217;\u0153il du t\u00e9l\u00e9spectateur \u00e0 une humble r\u00e9v\u00e9rence tandis que la journaliste \u00e9gr\u00e8ne les principaux titres : CPE \u00e0 l&#8217;Assembl\u00e9e, CPE dans la rue, loi sur l&#8217;\u00e9galit\u00e9 des chances, retour dans les banlieues, chalutier coul\u00e9, Afghanistan, Irak, Hamas en Palestine, Google en Chine et Coupe de France de football&#8230; C&#8217;est la premi\u00e8re \u00e9tape. Puis vient le temps de l&#8217;invit\u00e9, ce Soir 3-l\u00e0 Azouz Begag, ministre. Celui-ci s&#8217;exprime sur un fond neutre, un bleu orang\u00e9 un peu nocturne, apaisant. La journaliste, elle, a un \u00e9cran (plus petit) derri\u00e8re elle, qui refl\u00e8te le visage du ministre. Troisi\u00e8me temps, plus surprenant : le d\u00e9cor du Soir 3 est film\u00e9 de c\u00f4t\u00e9 ; au second plan, la journaliste r\u00e9cite ses br\u00e8ves en s&#8217;adressant \u00e0 une cam\u00e9ra fix\u00e9e devant elle. Et au premier plan ? Un \u00e9cran bien s\u00fbr, l\u00e9g\u00e8rement inclin\u00e9 comme au d\u00e9but&#8230; Journaliste-\u00e9cran, \u00e9cran-journaliste, le couple ne se quitte pas de l&#8217;image tout le long, ou presque, du journal t\u00e9l\u00e9vis\u00e9. Et les changements de plans et de cadrage soulignent plus encore cette mise en sc\u00e8ne \u00e0 la McLuhan (1).<\/p>\n<p>La journaliste et l&#8217;image, remake de la Belle et la B\u00eate. Les contours, pourtant, ne sont pas aussi tranch\u00e9s au Soir 3, qui m\u00e8ne en parall\u00e8le une exp\u00e9rience int\u00e9ressante : oserait-on parler d&#8217;\u00e9ducation populaire ? : depuis janvier avec ses \u00ab paroles de banlieues \u00bb. Quelques semaines apr\u00e8s les r\u00e9voltes de l&#8217;automne, la r\u00e9daction a eu l&#8217;id\u00e9e de confier \u00e0 La Cathode, une association de Bobigny qui anime sur le terrain des ateliers de r\u00e9alisation de films et de documentaires, du mat\u00e9riel vid\u00e9o avec un objectif : r\u00e9aliser chaque mois (six occurrences pr\u00e9vues) un reportage de 3-4 minutes qui donne \u00e0 voir la r\u00e9alit\u00e9 quotidienne des quartiers populaires. Les trois jeunes charg\u00e9s de cette mission salutaire, Fod\u00e9, Salim et Mamadou, portent un regard n\u00e9cessairement d\u00e9cal\u00e9 sur leur univers (assez \u00e9loign\u00e9, en fait, de la r\u00e9alit\u00e9 t\u00e9l\u00e9vis\u00e9e habituelle&#8230;), donnent la parole aux habitant(e)s et d\u00e9tricotent l&#8217;air de rien pas mal de clich\u00e9s re\u00e7us. Ils sont accompagn\u00e9s dans cette exp\u00e9rience par un journaliste de la cha\u00eene, qui les aide \u00e0 construire les images et leur \u00e9criture, et se charge de d\u00e9fendre les sujets ainsi r\u00e9alis\u00e9s devant le r\u00e9dacteur en chef. Ces \u00ab paroles \u00bb de banlieues, qui devraient s&#8217;entendre jusqu&#8217;au mois de juin, prouvent encore qu&#8217;\u00e0 l&#8217;\u00e9vidence : et contrairement \u00e0 un type de discours sur la validit\u00e9 et l&#8217;honn\u00eatet\u00e9 duquel il n&#8217;est pas besoin de s&#8217;\u00e9tendre : les ressources humaines et culturelles des quartiers populaires sont inversement proportionnelles \u00e0 l&#8217;ostracisme qu&#8217;ils subissent, voitures ou promesses envol\u00e9es.<\/p>\n<p>Le message, c&#8217;est le m\u00e9dium. La d\u00e9monstration faite par le Soir 3 est \u00e9videmment plus complexe ; et qu&#8217;un journal t\u00e9l\u00e9vis\u00e9 avoue : entre les lignes : que l&#8217;image m\u00e9rite qu&#8217;on la diss\u00e8que et que le journaliste doit, aussi, se faire m\u00e9decin l\u00e9giste permet de supporter Pernaut en se prenant \u00e0 r\u00eaver, sa tisane refroidie dans sa mug, que l&#8217;\u00e9cran ne soit pas qu&#8217;une caricature du r\u00e9el.<\/p>\n<p>\/1. Auteur notamment de La Galaxie Gutenberg, 1962, et Understanding Media, 1964, o\u00f9 il affirme que le m\u00e9dium : moyen de transmission : constitue le message m\u00eame.\/<\/p>\n<p>\/Soir 3, le journal de la nuit sur France 3, 23 heures\/<\/p>\n","protected":false},"excerpt":{"rendered":"<p> Soir 3 nouvelle formule <\/p>\n","protected":false},"author":1,"featured_media":0,"comment_status":"open","ping_status":"open","sticky":false,"template":"","format":"standard","meta":{"_themeisle_gutenberg_block_has_review":false,"footnotes":""},"categories":[141],"tags":[287],"class_list":["post-2367","post","type-post","status-publish","format-standard","hentry","category-archives-web","tag-medias"],"_links":{"self":[{"href":"https:\/\/archives.regards.fr\/index.php?rest_route=\/wp\/v2\/posts\/2367","targetHints":{"allow":["GET"]}}],"collection":[{"href":"https:\/\/archives.regards.fr\/index.php?rest_route=\/wp\/v2\/posts"}],"about":[{"href":"https:\/\/archives.regards.fr\/index.php?rest_route=\/wp\/v2\/types\/post"}],"author":[{"embeddable":true,"href":"https:\/\/archives.regards.fr\/index.php?rest_route=\/wp\/v2\/users\/1"}],"replies":[{"embeddable":true,"href":"https:\/\/archives.regards.fr\/index.php?rest_route=%2Fwp%2Fv2%2Fcomments&post=2367"}],"version-history":[{"count":0,"href":"https:\/\/archives.regards.fr\/index.php?rest_route=\/wp\/v2\/posts\/2367\/revisions"}],"wp:attachment":[{"href":"https:\/\/archives.regards.fr\/index.php?rest_route=%2Fwp%2Fv2%2Fmedia&parent=2367"}],"wp:term":[{"taxonomy":"category","embeddable":true,"href":"https:\/\/archives.regards.fr\/index.php?rest_route=%2Fwp%2Fv2%2Fcategories&post=2367"},{"taxonomy":"post_tag","embeddable":true,"href":"https:\/\/archives.regards.fr\/index.php?rest_route=%2Fwp%2Fv2%2Ftags&post=2367"}],"curies":[{"name":"wp","href":"https:\/\/api.w.org\/{rel}","templated":true}]}}