{"id":2364,"date":"2006-03-01T00:00:00","date_gmt":"2006-02-28T23:00:00","guid":{"rendered":"https:\/\/wp.muchomaas.com\/cgt-trois-points-de-polemique2364\/"},"modified":"2006-03-01T00:00:00","modified_gmt":"2006-02-28T23:00:00","slug":"cgt-trois-points-de-polemique2364","status":"publish","type":"post","link":"https:\/\/archives.regards.fr\/?p=2364","title":{"rendered":"CGT. Trois points de pol\u00e9mique"},"content":{"rendered":"<p class=\"post_excerpt\"> Que reproche-t-on au projet de s\u00e9curit\u00e9 sociale professionnelle avanc\u00e9 par la CGT ? <\/p>\n<p>Les pol\u00e9miques autour du concept de s\u00e9curit\u00e9 sociale professionnelle de la CGT s&#8217;agglutinent autour de trois observations. La premi\u00e8re, c&#8217;est le risque de jouer le jeu des lib\u00e9raux en ent\u00e9rinant de fait la pr\u00e9carisation des travailleurs au d\u00e9triment notamment d&#8217;une bataille pour le maintien d&#8217;un emploi stable de type CDI. C&#8217;est un danger r\u00e9el si cela se traduit par une d\u00e9connexion entre le principe d&#8217;individuation et les solidarit\u00e9s collectives. La CGT, sur ce point, est formelle. Maryse Dumas insiste : \u00ab Nous voulons renforcer les droits \u00e9conomiques des salari\u00e9s et des syndicats, leur permettre de donner leur avis, de faire des propositions sur les plans de restructuration et d&#8217;y inclure alors les questions de la formation professionnelle, du reclassement. Les deux aspects doivent aller ensemble, sinon on laisse le patronat faire ce que bon lui semble et on se cantonne dans l&#8217;accompagnement du plan social. \u00bb Quant au CDI, s&#8217;il reste au c\u0153ur du projet, il ne faut pas m\u00e9conna\u00eetre que la plupart des embauches se font aujourd&#8217;hui sous des formes d&#8217;emploi pr\u00e9caire, CDD ou autre. Evolutions qui doivent \u00eatre prises en compte dans le d\u00e9bat.<\/p>\n<p>Deuxi\u00e8me point, chaudement discut\u00e9 lors du congr\u00e8s de la CGT de mars 2003 : la s\u00e9curit\u00e9 sociale professionnelle signifie-t-elle l&#8217;abandon de l&#8217;exigence d&#8217;interdiction des licenciements ? Certains exigent la juxtaposition des deux objectifs. Maryse Dumas d\u00e9fendit alors l&#8217;id\u00e9e que la s\u00e9curit\u00e9 sociale professionnelle implique de fait par elle-m\u00eame le \u00ab maintien du contrat de travail jusqu&#8217;\u00e0 ce qu&#8217;un emploi ait \u00e9t\u00e9 retrouv\u00e9 \u00bb, et doit permettre intrins\u00e8quement de lutter contre \u00ab toutes les formes d&#8217;entr\u00e9e au ch\u00f4mage, comme les d\u00e9missions forc\u00e9es, les fermetures et les fins de contrats pr\u00e9caires \u00bb.<\/p>\n<p>Une troisi\u00e8me question pol\u00e9mique, c&#8217;est l&#8217;opposition entre deux exigences parall\u00e8les du mouvement social, celle de s\u00e9curit\u00e9 sociale professionnelle d&#8217;une part, qui reconna\u00eet une place centrale au travail, et celle de revenu d&#8217;existence, d&#8217;autre part, qui d\u00e9fait le lien entre revenu et travail. Le dirigeant CGT Jean-Christophe Le Duigou r\u00e9pond aux tenants de cette derni\u00e8re position en arguant que \u00ab nous ne sommes pas dans des soci\u00e9t\u00e9s d&#8217;abondance o\u00f9 l&#8217;on pourrait concevoir que seule une minorit\u00e9 travaille et cotise alors qu&#8217;une majorit\u00e9 en serait dispens\u00e9e. Plus grave est la vision du travail que v\u00e9hicule cette approche. Le travail est bien s\u00fbr une contrainte. Mais la contrainte qu&#8217;il repr\u00e9sente est aussi source d&#8217;int\u00e9gration et de solidarit\u00e9. (&#8230;) On ne peut accepter aujourd&#8217;hui d&#8217;\u00eatre ramen\u00e9 \u00e0 monnayer l&#8217;apport des travailleurs les plus qualifi\u00e9s et \u00e0 n\u00e9gocier quelque compensation vers la masse des moins prot\u00e9g\u00e9s, ent\u00e9rinant ainsi l&#8217;\u00e9clatement du salariat. Nous ne voulons plus b\u00e2tir des syst\u00e8mes de protection \u00e0 dominante corporatiste couvrant prioritairement telle ou telle profession et laissant les autres cat\u00e9gories de salari\u00e9s dans le besoin. (&#8230;)L&#8217;int\u00e9gration dans un v\u00e9ritable emploi devient un objectif central et non plus second et subordonn\u00e9&#8230; \u00bb (1) N\u00e9anmoins, sugg\u00e8re M. Le Duigou, interrog\u00e9 sur ce point par Regards, \u00ab il existe des passerelles, voire des parent\u00e9s entre les deux revendications dans la mesure o\u00f9, dans les deux cas, la construction th\u00e9orique cherche \u00e0 s&#8217;appuyer d&#8217;abord sur l&#8217;id\u00e9e de droits fondamentaux acquis \u00e0 l&#8217;individu, ce qui est l\u00e0 une id\u00e9e centrale aujourd&#8217;hui pour tout le mouvement social \u00bb.<\/p>\n<p>\/1. Jean-Christophe Le Duigou, \u00ab La s\u00e9curit\u00e9 sociale professionnelle : une utopie r\u00e9aliste \u00bb, in : CGT, Analyses et documents \u00e9conomiques, n\u00b098, f\u00e9vrier 2005.\/<\/p>\n<p>\/Encadr\u00e9\/<\/p>\n<p>\/Les chiffres\/<\/p>\n<p>\/Le CDI repr\u00e9sente encore 8 contrats sur 10. Il y a en France, 950 000 CDD, 650 000 contrats d&#8217;interim, 800 000 contrats saisonniers, 3,5 millions de contrats \u00e0 temps partiel.\/<\/p>\n","protected":false},"excerpt":{"rendered":"<p> Que reproche-t-on au projet de s\u00e9curit\u00e9 sociale professionnelle avanc\u00e9 par la CGT ? <\/p>\n","protected":false},"author":483,"featured_media":0,"comment_status":"open","ping_status":"open","sticky":false,"template":"","format":"standard","meta":{"_themeisle_gutenberg_block_has_review":false,"footnotes":""},"categories":[141],"tags":[315],"class_list":["post-2364","post","type-post","status-publish","format-standard","hentry","category-archives-web","tag-syndicats"],"_links":{"self":[{"href":"https:\/\/archives.regards.fr\/index.php?rest_route=\/wp\/v2\/posts\/2364","targetHints":{"allow":["GET"]}}],"collection":[{"href":"https:\/\/archives.regards.fr\/index.php?rest_route=\/wp\/v2\/posts"}],"about":[{"href":"https:\/\/archives.regards.fr\/index.php?rest_route=\/wp\/v2\/types\/post"}],"author":[{"embeddable":true,"href":"https:\/\/archives.regards.fr\/index.php?rest_route=\/wp\/v2\/users\/483"}],"replies":[{"embeddable":true,"href":"https:\/\/archives.regards.fr\/index.php?rest_route=%2Fwp%2Fv2%2Fcomments&post=2364"}],"version-history":[{"count":0,"href":"https:\/\/archives.regards.fr\/index.php?rest_route=\/wp\/v2\/posts\/2364\/revisions"}],"wp:attachment":[{"href":"https:\/\/archives.regards.fr\/index.php?rest_route=%2Fwp%2Fv2%2Fmedia&parent=2364"}],"wp:term":[{"taxonomy":"category","embeddable":true,"href":"https:\/\/archives.regards.fr\/index.php?rest_route=%2Fwp%2Fv2%2Fcategories&post=2364"},{"taxonomy":"post_tag","embeddable":true,"href":"https:\/\/archives.regards.fr\/index.php?rest_route=%2Fwp%2Fv2%2Ftags&post=2364"}],"curies":[{"name":"wp","href":"https:\/\/api.w.org\/{rel}","templated":true}]}}