{"id":2355,"date":"2006-03-01T00:00:00","date_gmt":"2006-02-28T23:00:00","guid":{"rendered":"https:\/\/wp.muchomaas.com\/caricatures-de-mahomet-onde-de2355\/"},"modified":"2006-03-01T00:00:00","modified_gmt":"2006-02-28T23:00:00","slug":"caricatures-de-mahomet-onde-de2355","status":"publish","type":"post","link":"https:\/\/archives.regards.fr\/?p=2355","title":{"rendered":"Caricatures de Mahomet : Onde de violence et manipulation politique. Entretien avec Olivier Roy (4)"},"content":{"rendered":"<p>Comment expliquer la violence des r\u00e9actions dans le monde arabo-musulman ? S&#8217;agit-il d&#8217; instrumentalisation politique ?<\/p>\n<p>Olivier Roy, vous \u00eates un sp\u00e9cialiste de la g\u00e9opolitique des pays musulmans, comment interpr\u00e9tez-vous les attaques d&#8217;ambassades europ\u00e9ennes dans certains pays musulmans? Olivier Roy. La carte des \u00e9meutes montre que les pays touch\u00e9s par la violence sont ceux o\u00f9 le r\u00e9gime et certaines forces politiques ont des comptes \u00e0 r\u00e9gler avec les Europ\u00e9ens. La violence a \u00e9t\u00e9 instrumentalis\u00e9e par des Etats et des mouvements politiques qui rejettent la pr\u00e9sence des Europ\u00e9ens dans un certain nombre de crises au Moyen-Orient. Les Iraniens l&#8217;ont dit, ils sont absolument furieux des positions europ\u00e9ennes et fran\u00e7aises en particulier au sujet du nucl\u00e9aire. Les Europ\u00e9ens se retrouvent en premi\u00e8re ligne dans la mise en accusation de T\u00e9h\u00e9ran devant le Conseil de s\u00e9curit\u00e9, alors que les Etats-Unis s&#8217;en tiennent \u00e0 une prudente rh\u00e9torique. Le r\u00e9gime syrien se venge, lui, des pressions europ\u00e9ennes, surtout fran\u00e7aises, pour son retrait du Liban. Son implication dans les violences contre les ambassades europ\u00e9ennes est \u00e9vidente. En Syrie, les Fr\u00e8res musulmans sont soit en prison soit morts assassin\u00e9s. D&#8217;autre part, personne l\u00e0-bas ne peut lever le petit doigt sans l&#8217;accord du r\u00e9gime. Concernant les d\u00e9bordements de Gaza contre les repr\u00e9sentations de l&#8217;Union, ils viennent du fait que l&#8217;Europe a impos\u00e9 des conditions draconiennes pour la continuation de son aide apr\u00e8s la victoire du Hamas. Une posture mal comprise par de nombreux Palestiniens, qui s&#8217;attendaient \u00e0 plus de neutralit\u00e9. Une dimension suppl\u00e9mentaire a jou\u00e9 : le Fatah, largement responsable des d\u00e9bordements, a voulu montrer que le Hamas n&#8217;est pas capable de g\u00e9rer la situation et appara\u00eetre comme le meilleur d\u00e9fenseur de l&#8217;islam aux yeux de la population.<\/p>\n<p>Au Pakistan, l&#8217;exacerbation du sentiment religieux est certes tr\u00e8s forte, mais on sait aussi que le pouvoir soutient des liens tr\u00e8s importants avec l&#8217;establishment religieux. En Afghanistan, le r\u00e9gime n&#8217;est pas derri\u00e8re les manifestations mais les enjeux y sont clairs : jusqu&#8217;\u00e0 maintenant ce sont les Am\u00e9ricains qui se battaient contre Al Qaida. Bient\u00f4t les troupes de l&#8217;OTAN, donc les Europ\u00e9ens, vont participer au combat direct contre les talibans et Al Qaida. Ce sont des \u00e9l\u00e9ments pro-talibans qui sont descendus dans la rue.<\/p>\n<p><strong> Vous semblez relativiser la dimension de l&#8217;outrage religieux &#8230; <\/strong><\/p>\n<p>Olivier Roy. Je crois qu&#8217;on confond les manifestants et les gens m\u00e9contents. Je pense qu&#8217;il y a beaucoup de musulmans qui ont \u00e9t\u00e9 choqu\u00e9 par les caricatures mais qui ne manifestent pas. Qu&#8217;il y ait parmi les manifestants des gens qui soient v\u00e9ritablement choqu\u00e9s, je n&#8217;en doute pas, mais je crois que la part de la manipulation politique est beaucoup plus importante. Regardez le Maroc, par exemple, il n&#8217;est pas imaginable que les Marocains n&#8217;aient pas \u00e9t\u00e9 choqu\u00e9s&#8230; Pourtant il n&#8217;y a pas eu d&#8217;attaque contre les ambassades. On a compt\u00e9 40 000 manifestants \u00e0 Casablanca, c&#8217;est raisonnable, l\u00e0 on peut dire que les gens sont descendus par conviction.<\/p>\n<p><strong> Quels jeux jouent les r\u00e9gimes arabes vis-\u00e0-vis des musulmans europ\u00e9ens? <\/strong><\/p>\n<p>Olivier Roy. Audel\u00e0 de l&#8217;affaire des caricatures, les diff\u00e9rents Etats arabes acceptent mal l&#8217;id\u00e9e qu&#8217;un islam europ\u00e9en autonome se constitue. Ils font tout pour garder une influence sur les musulmans en Europe en jouant soit sur l&#8217;islam, soit sur la nationalit\u00e9 d&#8217;origine. Ils veulent garder un parrainage sur les musulmans europ\u00e9ens pour avoir un levier d&#8217;influence sur les Etats Europ\u00e9ens. Au d\u00e9part, l&#8217;incident des caricatures est un incident isol\u00e9 purement danois. Ce sont des imams au Danemark qui ont \u00e9t\u00e9 au Moyen-Orient pour demander des soutiens, en d\u00e9cembre 2005. C&#8217;est \u00e0 ce moment-l\u00e0 qu&#8217;on a vu une offensive diplomatique. Et l\u00e0, il y a eu une demande d&#8217;audience des ambassadeurs des pays musulmans \u00e0 Copenhague. \u00c7a a mis en exergue cette volont\u00e9 de tutelle.<\/p>\n<p>\/(1) Olivier Roy est professeur \u00e0 l&#8217;EHESS (\u00e9cole des hautes \u00e9tudes en sciences sociales). Auteur notamment de La La\u00efcit\u00e9 face \u00e0 l&#8217;islam, Stock, 2000.\/<\/p>\n","protected":false},"excerpt":{"rendered":"<p>Comment expliquer la violence des r\u00e9actions dans le monde arabo-musulman ? S&#8217;agit-il d&#8217; instrumentalisation politique ? Olivier Roy, vous \u00eates un sp\u00e9cialiste de la g\u00e9opolitique des pays musulmans, comment interpr\u00e9tez-vous les attaques d&#8217;ambassades europ\u00e9ennes dans certains pays musulmans? Olivier Roy. La carte des \u00e9meutes montre que les pays touch\u00e9s par la violence sont ceux o\u00f9 [&hellip;]<\/p>\n","protected":false},"author":1,"featured_media":0,"comment_status":"open","ping_status":"open","sticky":false,"template":"","format":"standard","meta":{"_themeisle_gutenberg_block_has_review":false,"footnotes":""},"categories":[141],"tags":[287],"class_list":["post-2355","post","type-post","status-publish","format-standard","hentry","category-archives-web","tag-medias"],"_links":{"self":[{"href":"https:\/\/archives.regards.fr\/index.php?rest_route=\/wp\/v2\/posts\/2355","targetHints":{"allow":["GET"]}}],"collection":[{"href":"https:\/\/archives.regards.fr\/index.php?rest_route=\/wp\/v2\/posts"}],"about":[{"href":"https:\/\/archives.regards.fr\/index.php?rest_route=\/wp\/v2\/types\/post"}],"author":[{"embeddable":true,"href":"https:\/\/archives.regards.fr\/index.php?rest_route=\/wp\/v2\/users\/1"}],"replies":[{"embeddable":true,"href":"https:\/\/archives.regards.fr\/index.php?rest_route=%2Fwp%2Fv2%2Fcomments&post=2355"}],"version-history":[{"count":0,"href":"https:\/\/archives.regards.fr\/index.php?rest_route=\/wp\/v2\/posts\/2355\/revisions"}],"wp:attachment":[{"href":"https:\/\/archives.regards.fr\/index.php?rest_route=%2Fwp%2Fv2%2Fmedia&parent=2355"}],"wp:term":[{"taxonomy":"category","embeddable":true,"href":"https:\/\/archives.regards.fr\/index.php?rest_route=%2Fwp%2Fv2%2Fcategories&post=2355"},{"taxonomy":"post_tag","embeddable":true,"href":"https:\/\/archives.regards.fr\/index.php?rest_route=%2Fwp%2Fv2%2Ftags&post=2355"}],"curies":[{"name":"wp","href":"https:\/\/api.w.org\/{rel}","templated":true}]}}