{"id":2354,"date":"2006-03-01T00:00:00","date_gmt":"2006-02-28T23:00:00","guid":{"rendered":"https:\/\/wp.muchomaas.com\/caricatures-de-mahomet-image-et2354\/"},"modified":"2006-03-01T00:00:00","modified_gmt":"2006-02-28T23:00:00","slug":"caricatures-de-mahomet-image-et2354","status":"publish","type":"post","link":"https:\/\/archives.regards.fr\/?p=2354","title":{"rendered":"Caricatures de Mahomet : Image et modernit\u00e9 (3)"},"content":{"rendered":"<p>Quels sont les enjeux internes \u00e0 l&#8217;islam du d\u00e9bat sur l&#8217;image ? Entretien avec Silvia Naef (1).<\/p>\n<p>Silvia Naef, vous enseignez \u00e0 l&#8217;universit\u00e9 de Gen\u00e8ve \u00e0 l&#8217;unit\u00e9 d&#8217;arabe.  Vous avez publi\u00e9 en 2004 Y a-t-il une \u00ab question de l&#8217;image \u00bb en islam ?   Quelles sont, selon vous, les cl\u00e9s de l&#8217;\u00e9motion suscit\u00e9e par la publication des caricatures de Mahomet ? Sont-elles seulement religieuses ? Silvia Naef. S&#8217;il y a un tabou \u00e0 repr\u00e9senter le proph\u00e8te de l&#8217;islam, celui-ci ne peut pas \u00eatre reconduit aux textes fondateurs, le Coran et les traditions proph\u00e9tiques (hadiths). En effet, le Coran se limite \u00e0 interdire le culte des idoles. Des hadiths condamnent la pr\u00e9sence d&#8217;images figuratives l\u00e0 o\u00f9 s&#8217;effectue la pri\u00e8re, car on consid\u00e8re qu&#8217;elles rendent l&#8217;endroit impur. Ces textes ne se r\u00e9f\u00e8rent pas \u00e0 l&#8217;image de Mahomet ; en outre, d&#8217;autres passages admettent les images sur des tapis ou les coussins, car on estime que celles-ci ne peuvent faire l&#8217;objet d&#8217;une v\u00e9n\u00e9ration.<\/p>\n<p>La plus ancienne image connue de Mahomet est du XIIIe si\u00e8cle. Pour les \u00e9poques plus anciennes, il n&#8217;y a que des t\u00e9moignages \u00e9crits. C&#8217;est dans la Chronique universelle persane du XIVe si\u00e8cle qu&#8217;on trouve la premi\u00e8re vie illustr\u00e9e du proph\u00e8te. A partir de cette \u00e9poque, de nombreux manuscrits comportent des images de Mahomet ou d&#8217;autres proph\u00e8tes coraniques, en Perse aussi bien que dans l&#8217;Empire ottoman. Parfois, leur visage est couvert par un voile ou des flammes. Ces images se limitent aux ouvrages profanes. A partir du XIXe si\u00e8cle, la lithographie et l&#8217;imprimerie diffusera un nouveau genre d&#8217;images populaires \u00e0 caract\u00e8re pieux, qui existent encore de nos jours. Au XXe si\u00e8cle, c&#8217;est la repr\u00e9sentation cin\u00e9matographique de Mahomet qui suscite de vives r\u00e9actions : des projets doivent \u00eatre abandonn\u00e9s ou  doivent renoncer \u00e0 l&#8217;interpr\u00e9tation du r\u00f4le du fondateur de l&#8217;islam.<\/p>\n<p>La religion toute seule n&#8217;explique donc pas l&#8217;\u00e9motion suscit\u00e9e, elle peut tout au plus fournir quelques \u00e9l\u00e9ments.<\/p>\n<p>Dans votre livre, vous \u00e9crivez \u00ab La question de l&#8217;image existe-t-elle en Islam ? ou bien ne vise-t-on pas, \u00e0 travers l&#8217;image, quelque chose de plus essentiel, comme le rapport \u00e0 la modernit\u00e9 et \u00e0 tout ce qu&#8217;elle propose ? \u00bb Qu&#8217;est-ce qui est vis\u00e9 dans cette pol\u00e9mique ? Silvia Naef. A l&#8217;\u00e9poque moderne, certains ont eu recours \u00e0 la condamnation des images pour exprimer le refus de certains changements, notamment ce que les conservateurs nomment \u00ab la d\u00e9cadence des m\u0153urs \u00bb. Les images, que ce soit dans la publicit\u00e9, au cin\u00e9ma ou \u00e0 la t\u00e9l\u00e9vision, v\u00e9hiculent souvent des valeurs que certains jugent incompatibles avec une \u00ab vraie \u00bb soci\u00e9t\u00e9 musulmane.<\/p>\n<p>Dans le cas sp\u00e9cifique de la crise des caricatures, ces images constituent davantage un pr\u00e9texte permettant de donner libre cours \u00e0 une col\u00e8re accumul\u00e9e \u00e0 l&#8217;\u00e9gard d&#8217;un Occident souvent per\u00e7u comme anti-musulman.<\/p>\n<p>Vous montrez dans votre livre que la question des images fut, comme d&#8217;autres sujets, l&#8217;objet de mises \u00e0 jour successives de la part des ul\u00e9mas pour raccorder les textes et leur \u00e9poque.  Sommes-nous face \u00e0 une interpr\u00e9tation r\u00e9gressive de la question de l&#8217;image ? Silvia Naef. Les mouvements pr\u00f4nant le retour \u00e0 l&#8217;islam donnent une interpr\u00e9tation souvent tr\u00e8s restrictive et r\u00e9gressive de la religion. Un autre facteur doit \u00eatre soulign\u00e9 : plus que jamais, une id\u00e9e fait le tour du monde en quelques secondes et parvient \u00e0 s&#8217;imposer facilement, \u00e0 travers les m\u00e9dias ou par les moyens de communications. La multiplicit\u00e9 d&#8217;interpr\u00e9tations : une des caract\u00e9ristiques de l&#8217;islam pr\u00e9-moderne, due \u00e0 l&#8217;absence d&#8217;une autorit\u00e9 spirituelle centrale : c\u00e8de ainsi la place \u00e0 une norme islamique \u00ab mondialis\u00e9e \u00bb, \u00e0 une v\u00e9ritable \u00ab pens\u00e9e unique \u00bb qui ne tol\u00e8re pas la pluralit\u00e9, supprime les formes de croyance populaires, ainsi que toute pens\u00e9e religieuse consid\u00e9r\u00e9e comme non conforme.<\/p>\n<p>\/(1) Silvia naef est Professeure \u00e0 l&#8217;universit\u00e9 de Gen\u00e8ve. Auteure notamment de Y a-t-il une \u00ab question de l&#8217;image \u00bb en islam ?, T\u00e9ra\u00e8dre, 2004\/<\/p>\n","protected":false},"excerpt":{"rendered":"<p>Quels sont les enjeux internes \u00e0 l&#8217;islam du d\u00e9bat sur l&#8217;image ? Entretien avec Silvia Naef (1). Silvia Naef, vous enseignez \u00e0 l&#8217;universit\u00e9 de Gen\u00e8ve \u00e0 l&#8217;unit\u00e9 d&#8217;arabe. Vous avez publi\u00e9 en 2004 Y a-t-il une \u00ab question de l&#8217;image \u00bb en islam ? Quelles sont, selon vous, les cl\u00e9s de l&#8217;\u00e9motion suscit\u00e9e par la [&hellip;]<\/p>\n","protected":false},"author":464,"featured_media":0,"comment_status":"open","ping_status":"open","sticky":false,"template":"","format":"standard","meta":{"_themeisle_gutenberg_block_has_review":false,"footnotes":""},"categories":[141],"tags":[287],"class_list":["post-2354","post","type-post","status-publish","format-standard","hentry","category-archives-web","tag-medias"],"_links":{"self":[{"href":"https:\/\/archives.regards.fr\/index.php?rest_route=\/wp\/v2\/posts\/2354","targetHints":{"allow":["GET"]}}],"collection":[{"href":"https:\/\/archives.regards.fr\/index.php?rest_route=\/wp\/v2\/posts"}],"about":[{"href":"https:\/\/archives.regards.fr\/index.php?rest_route=\/wp\/v2\/types\/post"}],"author":[{"embeddable":true,"href":"https:\/\/archives.regards.fr\/index.php?rest_route=\/wp\/v2\/users\/464"}],"replies":[{"embeddable":true,"href":"https:\/\/archives.regards.fr\/index.php?rest_route=%2Fwp%2Fv2%2Fcomments&post=2354"}],"version-history":[{"count":0,"href":"https:\/\/archives.regards.fr\/index.php?rest_route=\/wp\/v2\/posts\/2354\/revisions"}],"wp:attachment":[{"href":"https:\/\/archives.regards.fr\/index.php?rest_route=%2Fwp%2Fv2%2Fmedia&parent=2354"}],"wp:term":[{"taxonomy":"category","embeddable":true,"href":"https:\/\/archives.regards.fr\/index.php?rest_route=%2Fwp%2Fv2%2Fcategories&post=2354"},{"taxonomy":"post_tag","embeddable":true,"href":"https:\/\/archives.regards.fr\/index.php?rest_route=%2Fwp%2Fv2%2Ftags&post=2354"}],"curies":[{"name":"wp","href":"https:\/\/api.w.org\/{rel}","templated":true}]}}