{"id":2348,"date":"2006-03-01T00:00:00","date_gmt":"2006-02-28T23:00:00","guid":{"rendered":"https:\/\/wp.muchomaas.com\/caricatures-de-mahomet-racisme-et2348\/"},"modified":"2006-03-01T00:00:00","modified_gmt":"2006-02-28T23:00:00","slug":"caricatures-de-mahomet-racisme-et2348","status":"publish","type":"post","link":"https:\/\/archives.regards.fr\/?p=2348","title":{"rendered":"Caricatures de Mahomet : Racisme et repli identitaire. Entretien avec Dominique Vidal (2)"},"content":{"rendered":"<p class=\"post_excerpt\"> Quels sont les pi\u00e8ges d&#8217;une lecture binaire du monde ? <\/p>\n<p>Dominique Vidal, vous \u00eates journaliste, sp\u00e9cialiste du Proche-Orient. Que pensez-vous de cette pr\u00e9sentation des protestations dans le monde musulman comme autant de preuves que l&#8217;islam est r\u00e9tif \u00e0 la libert\u00e9 d&#8217;expression et donc aux valeurs de l&#8217;Occident ? Dominique Vidal. Je suis \u00e9videmment un d\u00e9fenseur de la libert\u00e9 d&#8217;expression, mais pas \u00e0 g\u00e9om\u00e9trie variable. Or, ici, il y a deux poids deux mesures : on dessine une bombe sur la t\u00eate de Mahomet, mais qui en ferait autant avec J\u00e9sus ou Mo\u00efse ? Je rappelle que, l&#8217;an dernier, une affiche d&#8217;une marque de v\u00eatement, repr\u00e9sentant une \u00ab derni\u00e8re C\u00e8ne \u00bb f\u00e9minis\u00e9e, a \u00e9t\u00e9 interdite \u00e0 la demande de l&#8217;Eglise. Plut\u00f4t que la censure, je sugg\u00e8re que libert\u00e9 aille de pair avec responsabilit\u00e9.<\/p>\n<p>Ces caricatures, leur manipulation par des r\u00e9gimes d\u00e9sireux de se refaire une virginit\u00e9 et la campagne contre l&#8217;\u00ab islam liberticide \u00bb illustrent bien l&#8217;avanc\u00e9e du \u00ab choc des civilisations \u00bb. Certes, expliquer le chaos du monde par l&#8217;affrontement entre islam et jud\u00e9o-christianisme, c&#8217;est plaquer une grille de lecture artificielle sur la r\u00e9alit\u00e9. Il faudrait plut\u00f4t s&#8217;int\u00e9resser au martyre de peuples entiers, de la Palestine \u00e0 la Tch\u00e9tch\u00e9nie, ainsi qu&#8217;aux in\u00e9galit\u00e9s croissantes entre Nord et Sud : et en leur sein.<\/p>\n<p>Quelle vision du monde se d\u00e9ploie avec cette opposition \u00ab Orient contre Occident \u00bb (et r\u00e9ciproquement) ? Dominique Vidal. Bien qu&#8217;artificielle, cette vision prend corps sous nos yeux depuis le 11 Septembre. Pour des millions d&#8217;Occidentaux, l&#8217;islam se r\u00e9duit \u00e0 Ben Laden. Et, pour des millions de musulmans, l&#8217;Occident, ce sont les tortionnaires d&#8217;Abou Ghraib. Si nous n&#8217;y prenons garde, le monde sera pris en tenailles dans cet \u00e9tau, qui risque de broyer les luttes \u00e9mancipatrices. Voil\u00e0 le pi\u00e8ge : que chacun soit somm\u00e9 de rallier Bush ou Ben Laden, comme s&#8217;il n&#8217;y avait plus d&#8217;autre choix.<\/p>\n<p>H\u00e9las, des dirigeants politiques et des m\u00e9dias jouent ce jeu. Hier, Claude Imbert s&#8217;avouait \u00ab un peu islamophobe \u00bb. Aujourd&#8217;hui Philippe Val publie les caricatures danoises : et, ce faisant, triple les ventes de Charlie. Alain Finkielkraut a mobilis\u00e9 contre le \u00ab racisme anti-blanc \u00bb, Malek Boutih appelant, lui, \u00e0 cogner sur les \u00ab barbares \u00bb des cit\u00e9s. Certains opposent aux \u00ab civilis\u00e9s \u00bb la \u00ab racaille \u00bb \u00e0 \u00ab nettoyer au k\u00e4rcher \u00bb.  En r\u00e9alit\u00e9, l&#8217;identit\u00e9 de chacun d&#8217;entre nous ne peut pas se r\u00e9sumer \u00e0 son origine ou \u00e0 sa religion : elle est multiple, faite d&#8217;histoire personnelle, d&#8217;\u00e9tudes, d&#8217;exp\u00e9rience professionnelle, d&#8217;engagements, d&#8217;amiti\u00e9s et d&#8217;amours&#8230; <strong> Quel danger comporte cette opposition binaire ? <\/strong><\/p>\n<p>Dominique Vidal. Ligoter chacun dans des syst\u00e8mes de solidarit\u00e9s \u00e9vacuant tous les enjeux sociaux, politiques, culturels. Que les gens ne r\u00e9fl\u00e9chissent plus en fonction des probl\u00e8mes qu&#8217;ils rencontrent et des solutions qu&#8217;ils envisagent, mais de leur appartenance oblig\u00e9e. Au bout de cette route, il y a le Liban de la guerre civile : combien sont morts \u00e0 un check-point parce que leur carte d&#8217;identit\u00e9 indiquait une confession \u00ab ennemie \u00bb de celle des miliciens ? Comment sortir de cet engrenage ? A d\u00e9faut d&#8217;une r\u00e9ponse, je vois quelques pistes. D&#8217;abord, combattre avec intransigeance toute d\u00e9marche antis\u00e9mite, raciste, islamophobe et plus g\u00e9n\u00e9ralement essentialiste. Ensuite, promouvoir une culture de dialogue mixte : \u00e0 tous points de vue. D&#8217;o\u00f9 la \u00ab tourn\u00e9e des villes et des banlieues \u00bb, que nous avons effectu\u00e9e durant deux ans et demi, Leila Shahid, Michel Warschawski et moi : un d\u00e9bat \u00e0 18 000 voix, que nous racontons dans un livre. Mais les vraies solidarit\u00e9s ne l&#8217;emporteront sur les fausses qu&#8217;au c\u0153ur de luttes et d&#8217;alliances nouvelles \u00e0 forger notamment entre villes et banlieues, dont le mouvement altermondialiste devrait se faire l&#8217;artisan. Comme l&#8217;\u00e9crivait l&#8217;appel des intellectuels arabes contre les violences antis\u00e9mites, il est temps de \u00ab quitter la tribu quand il s&#8217;agit de d\u00e9fendre des droits et des libert\u00e9s universels \u00bb.<\/p>\n<p>\/(1) Dominique Vidal est historien et journaliste au Monde diplomatique, vient de publier Les Banlieues, le Proche-Orient et nous, avec Leila Shahid, Michel Warschawski et Isabelle Avran, \u00e9d. de l&#8217;Atelier.\/<\/p>\n","protected":false},"excerpt":{"rendered":"<p> Quels sont les pi\u00e8ges d&#8217;une lecture binaire du monde ? <\/p>\n","protected":false},"author":1,"featured_media":0,"comment_status":"open","ping_status":"open","sticky":false,"template":"","format":"standard","meta":{"_themeisle_gutenberg_block_has_review":false,"footnotes":""},"categories":[141],"tags":[287],"class_list":["post-2348","post","type-post","status-publish","format-standard","hentry","category-archives-web","tag-medias"],"_links":{"self":[{"href":"https:\/\/archives.regards.fr\/index.php?rest_route=\/wp\/v2\/posts\/2348","targetHints":{"allow":["GET"]}}],"collection":[{"href":"https:\/\/archives.regards.fr\/index.php?rest_route=\/wp\/v2\/posts"}],"about":[{"href":"https:\/\/archives.regards.fr\/index.php?rest_route=\/wp\/v2\/types\/post"}],"author":[{"embeddable":true,"href":"https:\/\/archives.regards.fr\/index.php?rest_route=\/wp\/v2\/users\/1"}],"replies":[{"embeddable":true,"href":"https:\/\/archives.regards.fr\/index.php?rest_route=%2Fwp%2Fv2%2Fcomments&post=2348"}],"version-history":[{"count":0,"href":"https:\/\/archives.regards.fr\/index.php?rest_route=\/wp\/v2\/posts\/2348\/revisions"}],"wp:attachment":[{"href":"https:\/\/archives.regards.fr\/index.php?rest_route=%2Fwp%2Fv2%2Fmedia&parent=2348"}],"wp:term":[{"taxonomy":"category","embeddable":true,"href":"https:\/\/archives.regards.fr\/index.php?rest_route=%2Fwp%2Fv2%2Fcategories&post=2348"},{"taxonomy":"post_tag","embeddable":true,"href":"https:\/\/archives.regards.fr\/index.php?rest_route=%2Fwp%2Fv2%2Ftags&post=2348"}],"curies":[{"name":"wp","href":"https:\/\/api.w.org\/{rel}","templated":true}]}}