{"id":2305,"date":"2006-04-01T00:00:00","date_gmt":"2006-03-31T22:00:00","guid":{"rendered":"https:\/\/wp.muchomaas.com\/diderot-et-rousseau-lumieres-d2305\/"},"modified":"2006-04-01T00:00:00","modified_gmt":"2006-03-31T22:00:00","slug":"diderot-et-rousseau-lumieres-d2305","status":"publish","type":"post","link":"https:\/\/archives.regards.fr\/?p=2305","title":{"rendered":"Diderot et Rousseau, Lumi\u00e8res d&#8217;avril"},"content":{"rendered":"<p>Intrigant premier film d&#8217;Axelle Ropert s\u00e9lectionn\u00e9 \u00e0 la Quinzaine des r\u00e9alisateurs lors du dernier festival de Cannes, Etoile violette met en sc\u00e8ne le quotidien solitaire et silencieux d&#8217;un tailleur. Le personnage camp\u00e9 par Serge Bozon partage son temps entre son atelier de confection h\u00e9rit\u00e9 de son p\u00e8re et les cours du soir qu&#8217;il a choisi de suivre : dans une salle de classe enfantine, trop petite, un professeur de lettres lunaire parle \u00e0 ses \u00e9l\u00e8ves adultes, trentenaires et quadrag\u00e9naires, de la solitude de Jean-Jacques Rousseau en leur faisant d&#8217;abord observer le ciel \u00e9toil\u00e9&#8230; Hi\u00e9ratique, le film prend vie dans la tr\u00e8s forte aimantation qu&#8217;il invente entre le terne et l&#8217;\u00e9clatant, le silence et la parole, le cach\u00e9 et le d\u00e9voil\u00e9, symbolis\u00e9 par cette fleur myst\u00e9rieuse, l&#8217;\u00e9toile violette, que recherche Rousseau (Lou Castel) dans les bois et qui ne s&#8217;\u00e9panouit qu&#8217;\u00e0 la nuit tomb\u00e9e. Un soir, sur l&#8217;estrade, s&#8217;improvise une rencontre imaginaire entre Rousseau et Diderot jou\u00e9e par deux \u00e9l\u00e8ves. Celle-l\u00e0 m\u00eame que nous \u00e9voque en filigrane la sortie conjointe de ce film fran\u00e7ais tr\u00e8s personnel et du Fataliste du Portugais Joao Botelho, adaptation contemporaine et d\u00e9jant\u00e9e de Jacques le Fataliste de Diderot (publi\u00e9 en 1796). Axelle Ropert remarque que Jean-Jacques Rousseau, malgr\u00e9 les \u00ab r\u00e9actions tr\u00e8s contrast\u00e9es qu&#8217;il suscite, de l&#8217;adoration \u00e0 l&#8217;exasp\u00e9ration \u00bb, malgr\u00e9 son magn\u00e9tisme \u00ab qui attire et &#8220;excite&#8221;\u00e0 distance ses admirateurs et ses contempteurs \u00bb, a pourtant \u00e9t\u00e9 tr\u00e8s peu mis en sc\u00e8ne au cin\u00e9ma. L&#8217;\u0153uvre de Denis Diderot a pour sa part donn\u00e9 corps \u00e0 deux chefs-d&#8217;\u0153uvre cin\u00e9matographiques : La Religieuse de Jacques Rivette (1955) et Les Dames du Bois de Boulogne de Robert Bresson (1944), dialogu\u00e9 par Jean Cocteau et inspir\u00e9 par l&#8217;histoire narr\u00e9e par Madame de la Pommeraye ench\u00e2ss\u00e9e dans Jacques le Fataliste dont on retrouve une version dans le film fantasque de Joao Botelho. Comment vivre sous le regard des autres  ?, comment ne pas \u00eatre seul ici et maintenant ?, interroge Etoile violette quand Le Fataliste donne \u00e0 comprendre comment se transforment les rapports de force et comment ce qui est \u00ab \u00e9crit l\u00e0-haut \u00bb se d\u00e9roule toujours ici-bas. Les Lumi\u00e8res n&#8217;auront jamais \u00e9t\u00e9 aussi actuelles.<\/p>\n<p><strong> &#8220;Le Fataliste&#8221; de Joao Botelho, sortie le 5 avril <\/strong><\/p>\n<p><strong> Etoile violette d&#8217;Axelle Ropert, sortie le 19 avril <\/strong><\/p>\n","protected":false},"excerpt":{"rendered":"<p>Intrigant premier film d&#8217;Axelle Ropert s\u00e9lectionn\u00e9 \u00e0 la Quinzaine des r\u00e9alisateurs lors du dernier festival de Cannes, Etoile violette met en sc\u00e8ne le quotidien solitaire et silencieux d&#8217;un tailleur. Le personnage camp\u00e9 par Serge Bozon partage son temps entre son atelier de confection h\u00e9rit\u00e9 de son p\u00e8re et les cours du soir qu&#8217;il a choisi [&hellip;]<\/p>\n","protected":false},"author":572,"featured_media":0,"comment_status":"open","ping_status":"open","sticky":false,"template":"","format":"standard","meta":{"_themeisle_gutenberg_block_has_review":false,"footnotes":""},"categories":[141],"tags":[299],"class_list":["post-2305","post","type-post","status-publish","format-standard","hentry","category-archives-web","tag-cinema"],"_links":{"self":[{"href":"https:\/\/archives.regards.fr\/index.php?rest_route=\/wp\/v2\/posts\/2305","targetHints":{"allow":["GET"]}}],"collection":[{"href":"https:\/\/archives.regards.fr\/index.php?rest_route=\/wp\/v2\/posts"}],"about":[{"href":"https:\/\/archives.regards.fr\/index.php?rest_route=\/wp\/v2\/types\/post"}],"author":[{"embeddable":true,"href":"https:\/\/archives.regards.fr\/index.php?rest_route=\/wp\/v2\/users\/572"}],"replies":[{"embeddable":true,"href":"https:\/\/archives.regards.fr\/index.php?rest_route=%2Fwp%2Fv2%2Fcomments&post=2305"}],"version-history":[{"count":0,"href":"https:\/\/archives.regards.fr\/index.php?rest_route=\/wp\/v2\/posts\/2305\/revisions"}],"wp:attachment":[{"href":"https:\/\/archives.regards.fr\/index.php?rest_route=%2Fwp%2Fv2%2Fmedia&parent=2305"}],"wp:term":[{"taxonomy":"category","embeddable":true,"href":"https:\/\/archives.regards.fr\/index.php?rest_route=%2Fwp%2Fv2%2Fcategories&post=2305"},{"taxonomy":"post_tag","embeddable":true,"href":"https:\/\/archives.regards.fr\/index.php?rest_route=%2Fwp%2Fv2%2Ftags&post=2305"}],"curies":[{"name":"wp","href":"https:\/\/api.w.org\/{rel}","templated":true}]}}