{"id":2185,"date":"2005-11-01T00:00:00","date_gmt":"2005-10-31T23:00:00","guid":{"rendered":"https:\/\/wp.muchomaas.com\/grippe-aviaire-quelle-action2185\/"},"modified":"2005-11-01T00:00:00","modified_gmt":"2005-10-31T23:00:00","slug":"grippe-aviaire-quelle-action2185","status":"publish","type":"post","link":"https:\/\/archives.regards.fr\/?p=2185","title":{"rendered":"Grippe aviaire &#8211; Quelle action politique ?"},"content":{"rendered":"<p>En mati\u00e8re de pand\u00e9mie, il faut des moyens en quantit\u00e9 suffisante. Mais il faut aussi ne pas se tromper d&#8217;enjeu. L&#8217;efficacit\u00e9 de l&#8217;action publique suppose que la France s&#8217;engage d\u00e8s maintenant sur six grands sujets.<\/p>\n<p>1. Qui va fabriquer m\u00e9dicaments et vaccins ? Quand les enjeux financiers et de survie sont \u00e0 ce point \u00e9lev\u00e9s, il est l\u00e9gitime d&#8217;engager la responsabilit\u00e9 publique. La proposition d&#8217;un p\u00f4le public du m\u00e9dicament, avanc\u00e9e \u00e0 gauche, devrait \u00eatre pouss\u00e9e&#8230; pour sortir le Tamiflu de la sph\u00e8re marchande. Ce p\u00f4le pourrait le produire et en fixer le prix. Il pourrait \u00e9galement contribuer \u00e0 la production de g\u00e9lules en direction des pays d\u00e9favoris\u00e9s, ou contribuer \u00e0 leur production dans les autres pays.<\/p>\n<p>2. Ce contr\u00f4le public ne peut \u00eatre seulement national ou m\u00eame europ\u00e9en. Il faut aussi se poser la question d&#8217;une instance internationale sous l&#8217;\u00e9gide de l&#8217;ONU. L&#8217;absence d&#8217;une structure m\u00e9dicale et sanitaire internationale op\u00e9rationnelle s&#8217;est d\u00e9j\u00e0 r\u00e9v\u00e9l\u00e9e n\u00e9faste \u00e0 la Nouvelle-Orl\u00e9ans, lors du tsunami ou du r\u00e9cent tremblement de terre au Pakistan. Tous ont montr\u00e9 la n\u00e9cessit\u00e9 d&#8217;une meilleure coordination des interventions. La menace de pand\u00e9mie amplifie encore le besoin.<\/p>\n<p>3. Cette menace de pand\u00e9mie r\u00e9v\u00e8le une nouvelle fois les changements radicaux d&#8217;\u00e9chelle \u00e0 l&#8217;heure d&#8217;un monde interd\u00e9pendant. Donner vraiment une chance au Sud de sortir du sous-d\u00e9veloppement est d\u00e9sormais une condition vitale pour le Nord. Si le Sud n&#8217;a pas les moyens de lutter contre la maladie, c&#8217;est la plan\u00e8te enti\u00e8re qui en souffrira.<\/p>\n<p>4. Une politique de pr\u00e9vention et de soins dans le cas des grandes contagions servira de r\u00e9v\u00e9lateur de la politique sociale en g\u00e9n\u00e9ral. Sans-papiers, sans-domicile fixe, pr\u00e9caris\u00e9s extr\u00eames risquent d&#8217;\u00e9chapper \u00e0 cette pr\u00e9vention. Il faut sortir des situations de non-droit.<\/p>\n<p>5. La d\u00e9mocratie et l&#8217;information sont des conditions de l&#8217;efficacit\u00e9. Dans l&#8217;entreprise, dans les collectivit\u00e9s territoriales, les mesures de pr\u00e9vention et de pr\u00e9paration doivent \u00eatre d\u00e9battues avec tous.<\/p>\n<p>6. Il faut relancer le syst\u00e8me de sant\u00e9 fran\u00e7ais qui a montr\u00e9 sa difficult\u00e9 \u00e0 faire face \u00e0 une crise lors de la canicule par manque de moyens humains et mat\u00e9riels. Et d&#8217;embl\u00e9e surseoir aux fermetures de lits.<\/p>\n","protected":false},"excerpt":{"rendered":"<p>En mati\u00e8re de pand\u00e9mie, il faut des moyens en quantit\u00e9 suffisante. Mais il faut aussi ne pas se tromper d&#8217;enjeu. L&#8217;efficacit\u00e9 de l&#8217;action publique suppose que la France s&#8217;engage d\u00e8s maintenant sur six grands sujets. 1. Qui va fabriquer m\u00e9dicaments et vaccins ? Quand les enjeux financiers et de survie sont \u00e0 ce point \u00e9lev\u00e9s, [&hellip;]<\/p>\n","protected":false},"author":464,"featured_media":0,"comment_status":"open","ping_status":"open","sticky":false,"template":"","format":"standard","meta":{"_themeisle_gutenberg_block_has_review":false,"footnotes":""},"categories":[141],"tags":[307],"class_list":["post-2185","post","type-post","status-publish","format-standard","hentry","category-archives-web","tag-sante"],"_links":{"self":[{"href":"https:\/\/archives.regards.fr\/index.php?rest_route=\/wp\/v2\/posts\/2185","targetHints":{"allow":["GET"]}}],"collection":[{"href":"https:\/\/archives.regards.fr\/index.php?rest_route=\/wp\/v2\/posts"}],"about":[{"href":"https:\/\/archives.regards.fr\/index.php?rest_route=\/wp\/v2\/types\/post"}],"author":[{"embeddable":true,"href":"https:\/\/archives.regards.fr\/index.php?rest_route=\/wp\/v2\/users\/464"}],"replies":[{"embeddable":true,"href":"https:\/\/archives.regards.fr\/index.php?rest_route=%2Fwp%2Fv2%2Fcomments&post=2185"}],"version-history":[{"count":0,"href":"https:\/\/archives.regards.fr\/index.php?rest_route=\/wp\/v2\/posts\/2185\/revisions"}],"wp:attachment":[{"href":"https:\/\/archives.regards.fr\/index.php?rest_route=%2Fwp%2Fv2%2Fmedia&parent=2185"}],"wp:term":[{"taxonomy":"category","embeddable":true,"href":"https:\/\/archives.regards.fr\/index.php?rest_route=%2Fwp%2Fv2%2Fcategories&post=2185"},{"taxonomy":"post_tag","embeddable":true,"href":"https:\/\/archives.regards.fr\/index.php?rest_route=%2Fwp%2Fv2%2Ftags&post=2185"}],"curies":[{"name":"wp","href":"https:\/\/api.w.org\/{rel}","templated":true}]}}