{"id":2180,"date":"2005-11-01T00:00:00","date_gmt":"2005-10-31T23:00:00","guid":{"rendered":"https:\/\/wp.muchomaas.com\/prevention-vaccination-argent-des2180\/"},"modified":"2005-11-01T00:00:00","modified_gmt":"2005-10-31T23:00:00","slug":"prevention-vaccination-argent-des2180","status":"publish","type":"post","link":"https:\/\/archives.regards.fr\/?p=2180","title":{"rendered":"Pr\u00e9vention, vaccination, argent des labos, mondialisation"},"content":{"rendered":"<p class=\"post_excerpt\"> Etat grippal <\/p>\n<p><strong> Nom de code : virus H5N1. La menace de la grippe aviaire au microscope. <\/strong><\/p>\n<p>Ready ? My ass ! \u00bb (\u00ab Pr\u00eats ? Mon cul ! \u00bb) ainsi titrait en mai 2005 la revue Science, r\u00e9put\u00e9e pour son s\u00e9rieux, \u00e0 propos des \u00ab dispositions \u00bb prises par les gouvernements en pr\u00e9vention d&#8217;une pand\u00e9mie. En janvier 2004, l&#8217;OMS (Organisation mondiale de la sant\u00e9) avait sonn\u00e9 l&#8217;alerte : une pand\u00e9mie \u00e0 l&#8217;\u00e9chelle mondiale serait imminente. Le 31 ao\u00fbt 2005, la FAO (Organisation pour l&#8217;alimentation et l&#8217;agriculture) annonce que le virus s&#8217;appr\u00eate \u00e0 toucher l&#8217;Europe. Chaque continent travers\u00e9, chaque nouveau foyer \u00e9pizootique (\u00e9pid\u00e9mie animale) est une occasion donn\u00e9e au virus de gagner en virulence, et de se transformer en virus contagieux pour l&#8217;homme. Le 22 septembre, l&#8217;OMS publie ses \u00ab recommandations strat\u00e9giques \u00bb \u00e0 destination des Etats. Son titre : \u00ab Comment faire face \u00e0 la menace de grippe aviaire \u00bb : \u00ab Compte tenu du caract\u00e8re imm\u00e9diat de la menace, l&#8217;OMS recommande que tous les pays prennent des mesures d&#8217;urgence pour se pr\u00e9parer \u00e0 une pand\u00e9mie. \u00bb L&#8217;organisation internationale poursuit : \u00ab Compte tenu des nombreuses incertitudes qui entourent l&#8217;\u00e9volution de la menace de pand\u00e9mie, et notamment le temps qui reste pour s&#8217;y pr\u00e9parer, il para\u00eet sage de d\u00e9finir un ensemble de mesures visant \u00e0 s&#8217;attaquer imm\u00e9diatement aux probl\u00e8mes critiques par des solutions \u00e0 plus long terme susceptibles d&#8217;am\u00e9liorer durablement la capacit\u00e9 des pays de se prot\u00e9ger contre une menace de pand\u00e9mie r\u00e9currente. \u00bb Le 29 mai, dans le Journal du Dimanche, Jean-Philippe Derenne et Fran\u00e7ois Bricaire, l&#8217;un virologue, l&#8217;autre pneumologue, tous deux \u00e9minents sp\u00e9cialistes des maladies respiratoires et infectieuses, alertent l&#8217;opinion fran\u00e7aise et les pouvoirs publics. Mi-octobre 2005, ils publient Pand\u00e9mie : la grande menace (1). Ni sensationnalistes, ni pessimistes, les deux m\u00e9decins \u00e9crivent parce qu&#8217;il est encore possible d&#8217;agir : \u00ab Il n&#8217;y a pas de fatalit\u00e9. La catastrophe est annonc\u00e9e, mais ses cons\u00e9quences seront toutes diff\u00e9rentes si une politique raisonnable et pragmatique est d\u00e9cid\u00e9e et men\u00e9e ; ou si, au contraire, l&#8217;incurie et l&#8217;indiff\u00e9rence nous laissent d\u00e9sarm\u00e9s face \u00e0 la menace. Peut-\u00eatre m\u00eame ne se passera-t-il rien. Mais les indices, unanimement reconnus par la communaut\u00e9 scientifique internationale, sont suffisamment inqui\u00e9tants pour faire craindre le pire. Il est donc imp\u00e9ratif de se tenir pr\u00eat, de d\u00e9cider des mesures \u00e0 prendre et de les mettre en \u0153uvre pour l&#8217;affronter. \u00bb La question est de savoir comment pr\u00e9venir et circonscrire l&#8217;\u00e9pid\u00e9mie, forc\u00e9ment mondiale. Plusieurs sc\u00e9narios s&#8217;\u00e9bauchent dans les diff\u00e9rents organismes nationaux et mondiaux. Encore peu publics, ils sont peu discut\u00e9s mais tous engagent des d\u00e9cisions lourdes pour les soci\u00e9t\u00e9s et le monde. La lutte contre la pand\u00e9mie n&#8217;est pas une question technique, ni seulement \u00e9conomique. M\u00eame dans ses dimensions de choix de sant\u00e9 publique, il s&#8217;agit d&#8217;une question sociale et  politique, d\u00e9mocratique et de dimension plan\u00e9taire.<\/p>\n","protected":false},"excerpt":{"rendered":"<p> Etat grippal <\/p>\n","protected":false},"author":1,"featured_media":0,"comment_status":"open","ping_status":"open","sticky":false,"template":"","format":"standard","meta":{"_themeisle_gutenberg_block_has_review":false,"footnotes":""},"categories":[141],"tags":[307],"class_list":["post-2180","post","type-post","status-publish","format-standard","hentry","category-archives-web","tag-sante"],"_links":{"self":[{"href":"https:\/\/archives.regards.fr\/index.php?rest_route=\/wp\/v2\/posts\/2180","targetHints":{"allow":["GET"]}}],"collection":[{"href":"https:\/\/archives.regards.fr\/index.php?rest_route=\/wp\/v2\/posts"}],"about":[{"href":"https:\/\/archives.regards.fr\/index.php?rest_route=\/wp\/v2\/types\/post"}],"author":[{"embeddable":true,"href":"https:\/\/archives.regards.fr\/index.php?rest_route=\/wp\/v2\/users\/1"}],"replies":[{"embeddable":true,"href":"https:\/\/archives.regards.fr\/index.php?rest_route=%2Fwp%2Fv2%2Fcomments&post=2180"}],"version-history":[{"count":0,"href":"https:\/\/archives.regards.fr\/index.php?rest_route=\/wp\/v2\/posts\/2180\/revisions"}],"wp:attachment":[{"href":"https:\/\/archives.regards.fr\/index.php?rest_route=%2Fwp%2Fv2%2Fmedia&parent=2180"}],"wp:term":[{"taxonomy":"category","embeddable":true,"href":"https:\/\/archives.regards.fr\/index.php?rest_route=%2Fwp%2Fv2%2Fcategories&post=2180"},{"taxonomy":"post_tag","embeddable":true,"href":"https:\/\/archives.regards.fr\/index.php?rest_route=%2Fwp%2Fv2%2Ftags&post=2180"}],"curies":[{"name":"wp","href":"https:\/\/api.w.org\/{rel}","templated":true}]}}