{"id":2165,"date":"2005-11-01T00:00:00","date_gmt":"2005-10-31T23:00:00","guid":{"rendered":"https:\/\/wp.muchomaas.com\/parite-normalite2165\/"},"modified":"2005-11-01T00:00:00","modified_gmt":"2005-10-31T23:00:00","slug":"parite-normalite2165","status":"publish","type":"post","link":"https:\/\/archives.regards.fr\/?p=2165","title":{"rendered":"parit\u00e9, normalit\u00e9 ?"},"content":{"rendered":"<p>Le regard am\u00e9ricain port\u00e9 par Joan Scott, historienne embl\u00e9matique des Gender Studies, sur les controverses autour de la parit\u00e9 en France est lumineux. L&#8217;auteure de La Citoyenne paradoxale retrace l&#8217;\u00e9volution de la strat\u00e9gie politique et philosophique du Mouvement pour la parit\u00e9, entre 1992 et 2000. Elle d\u00e9couvre et d\u00e9montre que le propos d&#8217;origine de la parit\u00e9 \u00e9tait universaliste et a d\u00e9vi\u00e9 vers un argumentaire essentialiste \u00e0 partir du d\u00e9bat sur le Pacs.<\/p>\n<p>La crise de la repr\u00e9sentativit\u00e9 s&#8217;est r\u00e9v\u00e9l\u00e9e \u00eatre un terreau favorable \u00e0 la revendication f\u00e9ministe d&#8217;une plus grande place des femmes dans la vie publique. L&#8217;id\u00e9e d&#8217;instaurer un quota a vite \u00e9t\u00e9 balay\u00e9e dans une France r\u00e9publicaine hostile \u00e0 la discrimination positive : \u00abAu nom de l&#8217;universalisme r\u00e9publicain fran\u00e7ais, il s&#8217;av\u00e9rait que les diff\u00e9rences sociales n&#8217;autorisaient aucunement des mesures destin\u00e9es \u00e0 corriger la discrimination. L&#8217;int\u00e9grit\u00e9 de la nation reposait sur l&#8217;unit\u00e9 : elle ne pouvait reconna\u00eetre la diff\u00e9rence.\u00bb Aussi, poursuit Joan Scott, \u00ables strat\u00e8ges de la parit\u00e9 devaient trouver le moyen de demeurer dans le champ de la th\u00e9orie r\u00e9publicaine tout en transformant les termes de son principe fondateur \u00bb. D\u00e8s lors, les \u00ab paritaristes \u00bb ont adh\u00e9r\u00e9 au principe r\u00e9publicain de l&#8217;individualisme abstrait et d\u00e9fendu la dualit\u00e9 de l&#8217;esp\u00e8ce humaine : l&#8217;individu universel est homme et femme. L&#8217;argumentaire, \u00e9labor\u00e9 par Fran\u00e7oise Gaspard, Claude Servan-Schreiber et Anne Le Gall, initiatrices du Mouvement pour la parit\u00e9, se voulait avant tout pragmatique : il devait permettre d&#8217;aboutir au vote d&#8217;une loi, per\u00e7ue comme la seule mani\u00e8re de vaincre la domination masculine en politique. La philosophe Genevi\u00e8ve Fraisse affirmait : \u00ab La parit\u00e9 est vraie en pratique et fausse en th\u00e9orie. \u00bb Selon Joan Scott, le tournant essentialiste de la campagne pour la parit\u00e9 s&#8217;est op\u00e9r\u00e9 avec le d\u00e9bat sur le Pacs et la sortie en 1998 du livre de Sylviane Agacinski, Politique des sexes. D\u00e8s lors, l&#8217;argument de la compl\u00e9mentarit\u00e9 des sexes prend le dessus, le discours sur le couple remplace celui sur l&#8217;individu et la nature devient la r\u00e9f\u00e9rence. La philosophe et \u00e9pouse de Lionel Jospin d\u00e9fend l&#8217;id\u00e9e selon laquelle la relation entre les sexes est n\u00e9cessairement celle de l&#8217;h\u00e9t\u00e9rosexualit\u00e9 qui a pour but la procr\u00e9ation. C&#8217;est le couple h\u00e9t\u00e9rosexuel qui devient universel. La ministre Elisabeth Guigou rassurait les d\u00e9put\u00e9s: le mariage est \u00abl&#8217;institution qui articule la diff\u00e9rence des sexes\u00bb. Celles et ceux qui avaient pr\u00e9dit que la revendication d&#8217;une participation des femmes \u00e0 50% appara\u00eetrait comme une adh\u00e9sion \u00e0 des r\u00e8gles normatives de genre ne se sont donc pas tromp\u00e9s&#8230; En d\u00e9pit de ses maigres r\u00e9sultats, la parit\u00e9 a \u00e9rod\u00e9 le contr\u00f4le exerc\u00e9 par les hommes sur le pouvoir politique. Elle a aussi \u00abplac\u00e9 sous les projecteurs la discrimination contre les femmes, et pas seulement dans la vie publique\u00bb. Pour autant, Joan Scott estime qu&#8217;il est encore trop t\u00f4t pour savoir si la parit\u00e9 est une r\u00e9ussite ou un \u00e9chec. Son ouvrage est pr\u00e9cieux pour se faire sa propre opinion.<\/p>\n<p>\/Joan W. Scott, Parit\u00e9 ! L&#8217;universel et la diff\u00e9rence des sexes, Albin Michel,  2005,  254 p.\/<\/p>\n","protected":false},"excerpt":{"rendered":"<p>Le regard am\u00e9ricain port\u00e9 par Joan Scott, historienne embl\u00e9matique des Gender Studies, sur les controverses autour de la parit\u00e9 en France est lumineux. L&#8217;auteure de La Citoyenne paradoxale retrace l&#8217;\u00e9volution de la strat\u00e9gie politique et philosophique du Mouvement pour la parit\u00e9, entre 1992 et 2000. Elle d\u00e9couvre et d\u00e9montre que le propos d&#8217;origine de la [&hellip;]<\/p>\n","protected":false},"author":570,"featured_media":0,"comment_status":"open","ping_status":"open","sticky":false,"template":"","format":"standard","meta":{"_themeisle_gutenberg_block_has_review":false,"footnotes":""},"categories":[141],"tags":[306],"class_list":["post-2165","post","type-post","status-publish","format-standard","hentry","category-archives-web","tag-feminisme"],"_links":{"self":[{"href":"https:\/\/archives.regards.fr\/index.php?rest_route=\/wp\/v2\/posts\/2165","targetHints":{"allow":["GET"]}}],"collection":[{"href":"https:\/\/archives.regards.fr\/index.php?rest_route=\/wp\/v2\/posts"}],"about":[{"href":"https:\/\/archives.regards.fr\/index.php?rest_route=\/wp\/v2\/types\/post"}],"author":[{"embeddable":true,"href":"https:\/\/archives.regards.fr\/index.php?rest_route=\/wp\/v2\/users\/570"}],"replies":[{"embeddable":true,"href":"https:\/\/archives.regards.fr\/index.php?rest_route=%2Fwp%2Fv2%2Fcomments&post=2165"}],"version-history":[{"count":0,"href":"https:\/\/archives.regards.fr\/index.php?rest_route=\/wp\/v2\/posts\/2165\/revisions"}],"wp:attachment":[{"href":"https:\/\/archives.regards.fr\/index.php?rest_route=%2Fwp%2Fv2%2Fmedia&parent=2165"}],"wp:term":[{"taxonomy":"category","embeddable":true,"href":"https:\/\/archives.regards.fr\/index.php?rest_route=%2Fwp%2Fv2%2Fcategories&post=2165"},{"taxonomy":"post_tag","embeddable":true,"href":"https:\/\/archives.regards.fr\/index.php?rest_route=%2Fwp%2Fv2%2Ftags&post=2165"}],"curies":[{"name":"wp","href":"https:\/\/api.w.org\/{rel}","templated":true}]}}