{"id":2120,"date":"2005-09-01T00:00:00","date_gmt":"2005-08-31T22:00:00","guid":{"rendered":"https:\/\/wp.muchomaas.com\/syndicalistes-europeens-tous2120\/"},"modified":"2005-09-01T00:00:00","modified_gmt":"2005-08-31T22:00:00","slug":"syndicalistes-europeens-tous2120","status":"publish","type":"post","link":"https:\/\/archives.regards.fr\/?p=2120","title":{"rendered":"Syndicalistes europ\u00e9ens, tous ensemble"},"content":{"rendered":"<p>Apr\u00e8s sa campagne pour le \u00ab oui \u00bb, la situation de la Conf\u00e9d\u00e9ration europ\u00e9enne des syndicats n&#8217;est pas commode : le \u00ab non \u00bb antilib\u00e9ral a \u00e9t\u00e9 largement affirm\u00e9 par la base lors des r\u00e9f\u00e9rendums fran\u00e7ais et hollandais. Quelles voies pour d\u00e9passer le constat de la crise et faire face \u00e0 un Tony Blair tr\u00e8s offensif ? Tony Blair, actuel pr\u00e9sident de l&#8217;Union europ\u00e9enne (UE), exposait en juin au Parlement europ\u00e9en qu&#8217;il comptait, en raison de la \u00ab crise profonde \u00bb travers\u00e9e par l&#8217;Union, s&#8217;int\u00e9resser aux citoyens qui \u00ab s&#8217;inqui\u00e8tent de la mondialisation, de la s\u00e9curit\u00e9 de l&#8217;emploi, des retraites et du niveau de vie \u00bb. Epoustouflant constat de la part du leader britannique lib\u00e9ral, qui prend acte ici des r\u00e9f\u00e9rendums nationaux sur le trait\u00e9 constitutionnel, au cours desquels les salari\u00e9s se sont plus largement prononc\u00e9s \u00ab contre \u00bb que les autres cat\u00e9gories. En France ont vot\u00e9 \u00ab non \u00bb 79 % d&#8217;ouvriers, 70 % d&#8217;agriculteurs, 67 % d&#8217;employ\u00e9s&#8230; et 81 % de ch\u00f4meurs ; au Luxembourg, o\u00f9 le \u00ab oui \u00bb l&#8217;a emport\u00e9 : le Sud industriel et ouvrier du pays a largement opt\u00e9 pour le \u00ab non \u00bb. Aux Pays-Bas, le \u00ab non \u00bb a fr\u00f4l\u00e9 les 80 % dans les circonscriptions ouvri\u00e8res les plus pauvres.<\/p>\n<p>Depuis, Tony Blair a poursuivi l&#8217;offensive en proposant de r\u00e9unir un sommet europ\u00e9en informel en octobre afin de r\u00e9fl\u00e9chir \u00e0 un nouveau \u00ab mod\u00e8le social europ\u00e9en \u00bb. La Conf\u00e9d\u00e9ration europ\u00e9enne des syndicats (CES) se trouve ainsi aujourd&#8217;hui doublement mise au d\u00e9fi : d&#8217;abord, alors qu&#8217;elle a fait campagne officiellement pour le \u00ab oui \u00bb, elle se trouve plus que jamais en porte-\u00e0-faux face aux salari\u00e9s qu&#8217;elle repr\u00e9sente ; ensuite, face \u00e0 l&#8217;initiative de Tony Blair, elle est condamn\u00e9e \u00e0 suivre le rythme&#8230; voire \u00e0 parer les coups. Certes, les \u00ab non \u00bb fran\u00e7ais et n\u00e9erlandais aux r\u00e9f\u00e9rendums ont \u00e9t\u00e9 interpr\u00e9t\u00e9s par la CES comme un signal de lutte. Dans un communiqu\u00e9 de juin, elle annon\u00e7ait : \u00ab La crainte d&#8217;un abaissement des normes sociales et d&#8217;une politique n\u00e9olib\u00e9rale, de l&#8217;ins\u00e9curit\u00e9 et de la pr\u00e9carit\u00e9 de l&#8217;emploi, ainsi que d&#8217;un taux de ch\u00f4mage \u00e9lev\u00e9, a \u00e9t\u00e9 un des \u00e9l\u00e9ments d\u00e9cisifs \u00bb du vote. Les deux journ\u00e9es d&#8217;intenses d\u00e9bats n\u00e9cessaires \u00e0 la r\u00e9daction de ce communiqu\u00e9 signalaient cependant une fois de plus la disparit\u00e9 politique qui pr\u00e9vaut parmi les syndicalistes europ\u00e9ens&#8230; et aussi l&#8217;extr\u00eame diversit\u00e9 des attitudes nationales. \u00ab Les Italiens et les Espagnols ont protest\u00e9 que leur \u00aboui \u00bb avait autant de valeur que le \u00abnon\u00bb fran\u00e7ais \u00bb, se souvient Jo\u00ebl Decaillon, repr\u00e9sentant de la CGT \u00e0 Bruxelles. \u00ab Quant aux nouveaux entrants de l&#8217;Est, ils n&#8217;ont pas manqu\u00e9 de rappeler qu&#8217;ils avaient v\u00e9cu la pol\u00e9mique autour du plombier polonais comme une mise en cause directe de leur propre capacit\u00e9 \u00e0 cr\u00e9er un mouvement social. \u00bb <strong> Une crise multiforme <\/strong><\/p>\n<p>La crise europ\u00e9enne actuelle est en r\u00e9alit\u00e9 multiforme, a insist\u00e9 le pr\u00e9sident de la CES, John Monks, pendant tout l&#8217;\u00e9t\u00e9 : outre la crise constitutionnelle li\u00e9e au rejet du trait\u00e9, il lui faut affronter une crise \u00e9conomique avec 20 millions de ch\u00f4meurs dans l&#8217;Union europ\u00e9enne ainsi qu&#8217;une crise budg\u00e9taire. Envisageant le sommet europ\u00e9en d&#8217;octobre, John Monks a n\u00e9anmoins promis, lors du congr\u00e8s de la CISL (conf\u00e9d\u00e9ration italienne des syndicats ouvriers) \u00e0 Rome en juillet : \u00ab Notre voix se fera fortement et clairement entendre lors de ce sommet (&#8230;). Nous voulons travailler \u00e0 une renaissance syndicale \u00e0 l&#8217;int\u00e9rieur d&#8217;une renaissance europ\u00e9enne plus large. \u00bb Il a ajout\u00e9 cet ambigu constat : \u00ab Nous devons prendre l&#8217;avantage sur les eurosceptiques et d\u00e9velopper un manifeste politique pour l&#8217;Europe, engag\u00e9 en faveur de la croissance \u00e9conomique et d&#8217;un mod\u00e8le social nouveau et f\u00e9d\u00e9rateur \u00bb ; semblant assimiler ainsi une fois de plus ceux qui ont vot\u00e9 \u00ab non \u00bb \u00e0 des adversaires de l&#8217;Europe. C&#8217;est sans d\u00e9tour, quant \u00e0 eux, que les intervenants syndicalistes au Forum social allemand ont insist\u00e9, en juillet \u00e0 Erfurt, et parfois sous des salves d&#8217;applaudissements, sur l&#8217;espoir personnel que leur donnait les \u00ab non \u00bb fran\u00e7ais et n\u00e9erlandais du fait de leur interpr\u00e9tation, \u00ab pro-europ\u00e9enne et pro-sociale \u00bb. Le Belge Frank Slegers, des Marches europ\u00e9ennes pour l&#8217;Emploi, y a synth\u00e9tis\u00e9 l&#8217;analyse collective : \u00ab Le \u00abnon\u00bb au Trait\u00e9 est \u00e0 la fois une victoire et un d\u00e9clencheur de crise, h\u00e9las, \u00e0 ne pas sous-estimer. A nous de contribuer \u00e0 surmonter cette derni\u00e8re. \u00bb <strong> la bataille d&#8217;octobre <\/strong><\/p>\n<p>Le sommet d&#8217;octobre promet une passe d&#8217;armes difficile. Un responsable de la CES t\u00e9moigne en apart\u00e9 de l&#8217;impr\u00e9paration ambiante : \u00ab Nous voulons arriver au sommet avec nos propres propositions. Il ne nous reste qu&#8217;\u00e0 y travailler&#8230; \u00bb De fait, la CES, historiquement une \u00e9manation directe des institutions bruxelloises, souffre de balbutiements persistants, tandis que les repr\u00e9sentants syndicaux y font figure parfois d&#8217;\u00e9lectrons libres par rapport \u00e0 leurs bases syndicales nationales. Quand bien m\u00eame la manifestation de 60 000 personnes organis\u00e9e par la CES, le 19 mars dernier \u00e0 Bruxelles, contre la directive Bolkestein a \u00e9t\u00e9 v\u00e9cue comme un moment f\u00e9d\u00e9rateur marquant, que beaucoup souhaitent renouveler. \u00ab Notre premi\u00e8re bataille, c&#8217;est l&#8217;unit\u00e9 \u00bb, interpr\u00e8te Jo\u00ebl Decaillon. \u00ab Nous avons chacun int\u00e9r\u00eat \u00e0 mieux comprendre comment nos partenaires fonctionnent dans les pays voisins pour apprendre \u00e0 travailler ensemble. L&#8217;Europe ne peut \u00eatre simplement un lieu de transfert pour nos lignes d&#8217;opposition nationales. Et la lutte pour des droits nouveaux doit s&#8217;y juxtaposer \u00e0 notre travail de contestation. \u00bb<\/p>\n","protected":false},"excerpt":{"rendered":"<p>Apr\u00e8s sa campagne pour le \u00ab oui \u00bb, la situation de la Conf\u00e9d\u00e9ration europ\u00e9enne des syndicats n&#8217;est pas commode : le \u00ab non \u00bb antilib\u00e9ral a \u00e9t\u00e9 largement affirm\u00e9 par la base lors des r\u00e9f\u00e9rendums fran\u00e7ais et hollandais. Quelles voies pour d\u00e9passer le constat de la crise et faire face \u00e0 un Tony Blair tr\u00e8s [&hellip;]<\/p>\n","protected":false},"author":483,"featured_media":0,"comment_status":"open","ping_status":"open","sticky":false,"template":"","format":"standard","meta":{"_themeisle_gutenberg_block_has_review":false,"footnotes":""},"categories":[141],"tags":[315],"class_list":["post-2120","post","type-post","status-publish","format-standard","hentry","category-archives-web","tag-syndicats"],"_links":{"self":[{"href":"https:\/\/archives.regards.fr\/index.php?rest_route=\/wp\/v2\/posts\/2120","targetHints":{"allow":["GET"]}}],"collection":[{"href":"https:\/\/archives.regards.fr\/index.php?rest_route=\/wp\/v2\/posts"}],"about":[{"href":"https:\/\/archives.regards.fr\/index.php?rest_route=\/wp\/v2\/types\/post"}],"author":[{"embeddable":true,"href":"https:\/\/archives.regards.fr\/index.php?rest_route=\/wp\/v2\/users\/483"}],"replies":[{"embeddable":true,"href":"https:\/\/archives.regards.fr\/index.php?rest_route=%2Fwp%2Fv2%2Fcomments&post=2120"}],"version-history":[{"count":0,"href":"https:\/\/archives.regards.fr\/index.php?rest_route=\/wp\/v2\/posts\/2120\/revisions"}],"wp:attachment":[{"href":"https:\/\/archives.regards.fr\/index.php?rest_route=%2Fwp%2Fv2%2Fmedia&parent=2120"}],"wp:term":[{"taxonomy":"category","embeddable":true,"href":"https:\/\/archives.regards.fr\/index.php?rest_route=%2Fwp%2Fv2%2Fcategories&post=2120"},{"taxonomy":"post_tag","embeddable":true,"href":"https:\/\/archives.regards.fr\/index.php?rest_route=%2Fwp%2Fv2%2Ftags&post=2120"}],"curies":[{"name":"wp","href":"https:\/\/api.w.org\/{rel}","templated":true}]}}