{"id":21,"date":"2014-12-11T10:05:05","date_gmt":"2014-12-11T09:05:05","guid":{"rendered":"https:\/\/wp.muchomaas.com\/breve-emmanuel-macron-21\/"},"modified":"2014-12-11T10:05:05","modified_gmt":"2014-12-11T09:05:05","slug":"breve-emmanuel-macron-21","status":"publish","type":"post","link":"https:\/\/archives.regards.fr\/?p=21","title":{"rendered":"Emmanuel Macron"},"content":{"rendered":"<p><em>\u00ab\u00a0Il y a beaucoup de Fran\u00e7ais et de Fran\u00e7ais qui aimeraient travailler le dimanche pour pr\u00e9cis\u00e9ment pouvoir se payer le cin\u00e9ma.\u00a0\u00bb<\/em> (RTL, 11\/12\/2014)<\/p>\n","protected":false},"excerpt":{"rendered":"<p>\u00ab\u00a0Il y a beaucoup de Fran\u00e7ais et de Fran\u00e7ais qui aimeraient travailler le dimanche pour pr\u00e9cis\u00e9ment pouvoir se payer le cin\u00e9ma.\u00a0\u00bb (RTL, 11\/12\/2014)<\/p>\n","protected":false},"author":1,"featured_media":0,"comment_status":"open","ping_status":"open","sticky":false,"template":"","format":"standard","meta":{"_themeisle_gutenberg_block_has_review":false,"footnotes":""},"categories":[284],"tags":[],"class_list":["post-21","post","type-post","status-publish","format-standard","hentry","category-declarama-breves"],"_links":{"self":[{"href":"https:\/\/archives.regards.fr\/index.php?rest_route=\/wp\/v2\/posts\/21","targetHints":{"allow":["GET"]}}],"collection":[{"href":"https:\/\/archives.regards.fr\/index.php?rest_route=\/wp\/v2\/posts"}],"about":[{"href":"https:\/\/archives.regards.fr\/index.php?rest_route=\/wp\/v2\/types\/post"}],"author":[{"embeddable":true,"href":"https:\/\/archives.regards.fr\/index.php?rest_route=\/wp\/v2\/users\/1"}],"replies":[{"embeddable":true,"href":"https:\/\/archives.regards.fr\/index.php?rest_route=%2Fwp%2Fv2%2Fcomments&post=21"}],"version-history":[{"count":0,"href":"https:\/\/archives.regards.fr\/index.php?rest_route=\/wp\/v2\/posts\/21\/revisions"}],"wp:attachment":[{"href":"https:\/\/archives.regards.fr\/index.php?rest_route=%2Fwp%2Fv2%2Fmedia&parent=21"}],"wp:term":[{"taxonomy":"category","embeddable":true,"href":"https:\/\/archives.regards.fr\/index.php?rest_route=%2Fwp%2Fv2%2Fcategories&post=21"},{"taxonomy":"post_tag","embeddable":true,"href":"https:\/\/archives.regards.fr\/index.php?rest_route=%2Fwp%2Fv2%2Ftags&post=21"}],"curies":[{"name":"wp","href":"https:\/\/api.w.org\/{rel}","templated":true}]}}