{"id":209,"date":"2015-10-11T22:41:15","date_gmt":"2015-10-11T20:41:15","guid":{"rendered":"https:\/\/wp.muchomaas.com\/breve-valerie-pecresse-209\/"},"modified":"2015-10-11T22:41:15","modified_gmt":"2015-10-11T20:41:15","slug":"breve-valerie-pecresse-209","status":"publish","type":"post","link":"https:\/\/archives.regards.fr\/?p=209","title":{"rendered":"Val\u00e9rie P\u00e9cresse"},"content":{"rendered":"<p><em>\u00ab\u00a0Je veux faire de la politique diff\u00e9remment : \u00eatre un pr\u00e9sident entrepreneur dans une r\u00e9gion qui sera pro business.\u00a0\u00bb<\/em> (Les \u00c9chos, 11\/10\/2015)<\/p>\n","protected":false},"excerpt":{"rendered":"<p>\u00ab\u00a0Je veux faire de la politique diff\u00e9remment : \u00eatre un pr\u00e9sident entrepreneur dans une r\u00e9gion qui sera pro business.\u00a0\u00bb (Les \u00c9chos, 11\/10\/2015)<\/p>\n","protected":false},"author":1,"featured_media":0,"comment_status":"open","ping_status":"open","sticky":false,"template":"","format":"standard","meta":{"_themeisle_gutenberg_block_has_review":false,"footnotes":""},"categories":[284],"tags":[],"class_list":["post-209","post","type-post","status-publish","format-standard","hentry","category-declarama-breves"],"_links":{"self":[{"href":"https:\/\/archives.regards.fr\/index.php?rest_route=\/wp\/v2\/posts\/209","targetHints":{"allow":["GET"]}}],"collection":[{"href":"https:\/\/archives.regards.fr\/index.php?rest_route=\/wp\/v2\/posts"}],"about":[{"href":"https:\/\/archives.regards.fr\/index.php?rest_route=\/wp\/v2\/types\/post"}],"author":[{"embeddable":true,"href":"https:\/\/archives.regards.fr\/index.php?rest_route=\/wp\/v2\/users\/1"}],"replies":[{"embeddable":true,"href":"https:\/\/archives.regards.fr\/index.php?rest_route=%2Fwp%2Fv2%2Fcomments&post=209"}],"version-history":[{"count":0,"href":"https:\/\/archives.regards.fr\/index.php?rest_route=\/wp\/v2\/posts\/209\/revisions"}],"wp:attachment":[{"href":"https:\/\/archives.regards.fr\/index.php?rest_route=%2Fwp%2Fv2%2Fmedia&parent=209"}],"wp:term":[{"taxonomy":"category","embeddable":true,"href":"https:\/\/archives.regards.fr\/index.php?rest_route=%2Fwp%2Fv2%2Fcategories&post=209"},{"taxonomy":"post_tag","embeddable":true,"href":"https:\/\/archives.regards.fr\/index.php?rest_route=%2Fwp%2Fv2%2Ftags&post=209"}],"curies":[{"name":"wp","href":"https:\/\/api.w.org\/{rel}","templated":true}]}}