{"id":2059,"date":"2000-07-01T00:00:00","date_gmt":"2000-06-30T22:00:00","guid":{"rendered":"https:\/\/wp.muchomaas.com\/medias-et-kosovo-quelles-sources2059\/"},"modified":"2000-07-01T00:00:00","modified_gmt":"2000-06-30T22:00:00","slug":"medias-et-kosovo-quelles-sources2059","status":"publish","type":"post","link":"https:\/\/archives.regards.fr\/?p=2059","title":{"rendered":"M\u00e9dias et Kosovo :quelles sources ?"},"content":{"rendered":"<p class=\"post_excerpt\"> Entretien avec Bernard Dr\u00e9ano <\/p>\n<p><strong> La guerre du Kosovo a-t-elle \u00e9t\u00e9 une guerre sans information, \u00e0 l&#8217;instar de la guerre du Golfe ? Ou les journalistes \u00e9taient-ils aux ordres de l&#8217;OTAN, comme certains les accusent ? Quelles \u00e9taient les sources disponibles ? Une s\u00e9rie de publications relance la pol\u00e9mique, un an apr\u00e8s la fin de la guerre. R\u00e9flexions. <\/strong><\/p>\n<p><strong> Bernard Dr\u00e9ano : <\/strong> Le Courrier des Balkans est une petite structure militante, qui diffuse, en fran\u00e7ais, les analyses de la presse ind\u00e9pendante des Balkans. Il peut compl\u00e9ter ou v\u00e9rifier ses informations gr\u00e2ce \u00e0 la F\u00e9d\u00e9ration internationale des droits de l&#8217;Homme (FIDH), \u00e0 l&#8217;Assembl\u00e9e europ\u00e9enne des citoyens (Helsinki Citizen&#8217;s Assembly) mais aussi gr\u00e2ce \u00e0 de nombreuses associations locales de jeunes ou de femmes, de d\u00e9fenseurs des droits de l&#8217;Homme, de partis locaux&#8230; une implantation, y compris au Kosovo ou en Serbie, construite sur dix ans. Nous avons, cependant, \u00e9t\u00e9 relativement peu sollicit\u00e9s par les grands m\u00e9dias en France, malgr\u00e9 de bonnes relations avec certains d&#8217;entre eux.<\/p>\n<p>Notre existence m\u00eame prouve qu&#8217;il est relativement facile d&#8217;acc\u00e9der aux sources d&#8217;informations d&#8217;ex-Yougoslavie. La question est ensuite l&#8217;usage qu&#8217;on en fait. De ce point de vue, les arguments d\u00e9velopp\u00e9s souvent me semblent pervers : ils sugg\u00e8rent qu&#8217;il existe une &#8220;information unique&#8221;, g\u00e9n\u00e9ratrice de pens\u00e9e unique, l\u00e0 ou il y a diff\u00e9rentes s\u00e9lections de l&#8217;information pour justifier certaines analyses. En donnant la parole aux m\u00e9dias et groupes ind\u00e9pendants, nous avons ainsi s\u00e9lectionn\u00e9 ceux qui d\u00e9fendent une \u00e9thique journalistique (partir des faits) et une morale politique (contre les purifications ethniques), attitude commune qui n&#8217;emp\u00eache pas d&#8217;importantes diff\u00e9rences de points de vues. D&#8217;autres ont pr\u00e9f\u00e9r\u00e9 valoriser des informations au service de pr\u00e9suppos\u00e9s g\u00e9opolitiques ou id\u00e9ologiques, courant le risque de se faire manipuler par les nationalistes, : comme l&#8217;hebdomadaire Marianne ou Noam Chomski&#8230; C&#8217;est l&#8217;id\u00e9e d&#8217;une intervention imp\u00e9rialiste occidentale visant \u00e0 abattre un r\u00e9gime serbe qui serait, malgr\u00e9 ses crimes, un &#8220;r\u00e9sistant&#8221; \u00e0 la mondialisation, id\u00e9e r\u00e9pandue par le groupe maffieux JUL (parti &#8220;de gauche&#8221; de Mira Markovic, la femme de Milosevic).<\/p>\n<p>Le d\u00e9bat sur le r\u00f4le des journalistes pendant la guerre me semble d&#8217;une grande candeur. Bien entendu, les arm\u00e9es ne sont pas r\u00e9put\u00e9es pour leur transparence ni les grandes puissances pour leur d\u00e9sint\u00e9ressement. Mais s&#8217;il \u00e9tait difficile de conna\u00eetre le d\u00e9tail des op\u00e9rations, sur leurs effets en revanche, m\u00eame nous avec nos petits moyens, nous \u00e9tions assez pr\u00e9cis\u00e9ment inform\u00e9s. Le vrai probl\u00e8me est moins une question de journalistes : il y en eu quelques tr\u00e8s bons de Florence Hartman \u00e0 Jean Arnaud Derens : que de positions. On ne pouvait pas ignorer dix ans d&#8217;humiliations et d&#8217;apartheid (et soixante-dix ans de m\u00e9pris) subis par les Albano-Kosovars, douze mois de guerre qui ont pr\u00e9c\u00e9d\u00e9 les bombardements, ou le caract\u00e8re criminel du r\u00e9gime serbe apr\u00e8s la Bosnie. La volont\u00e9 de &#8220;r\u00e9tablir l&#8217;\u00e9quilibre ethnique&#8221; : d&#8217;expulser les Albanais : des nationalistes serbes \u00e9tait claire. Ils ont profit\u00e9 des bombardements pour la mettre en oeuvre comme les Isra\u00e9liens ont profit\u00e9 de la guerre de 1948 pour expulser les Palestiniens : avant d&#8217;\u00e9chouer. Les Occidentaux craignaient une &#8220;palestinisation&#8221; (avec des centaines de milliers de r\u00e9fugi\u00e9s, une UCK aux fronti\u00e8res, une Mac\u00e9doine &#8220;libanis\u00e9e&#8221;, etc.) et finalement l&#8217;ont emp\u00each\u00e9e. Ce constat d&#8217;\u00e9vidence ne signifie pas que l&#8217;OTAN soit devenu un agent du droit des peuples, surtout il ne dispense pas d&#8217;un d\u00e9bat sur la mani\u00e8re d&#8217;intervenir et ses cons\u00e9quences.Le v\u00e9ritable sujet, trop peu abord\u00e9, est : quelle paix possible ? Il y a des ann\u00e9es que nous avons commenc\u00e9 \u00e0 agir avec Veton Surroi (directeur du quotidien Koha Ditore), qui n&#8217;a pas h\u00e9sit\u00e9 \u00e0 attaquer les meurtriers de Serbes au Kosovo ou Selim Beslagic (maire de Tuzla en Bosnie-Herz\u00e9govine, dont le parti vient de gagner les \u00e9lections), et bien d&#8217;autres trop souvent consid\u00e9r\u00e9s comme quantit\u00e9s n\u00e9gligeables. Des ann\u00e9es que nous rencontrons des jeunes &#8220;Post-Pessimistes&#8221;, les jeunes Mont\u00e9n\u00e9grins de Zid, les jeunes Albanais du Forum de Pristina, certains membres d&#8217;Otpor en Serbie, etc. que les Occidentaux : y compris journalistes : utilisent comme chauffeurs ou traducteurs sans jamais leur demander leurs avis sur l&#8217;avenir. Et si cette carence-l\u00e0 \u00e9tait le vrai scandale ?<\/p>\n<p><strong> Dominique Vidal : <\/strong> Les conflits posent aux journalistes qui doivent les couvrir des probl\u00e8mes complexes. D&#8217;abord, les bellig\u00e9rants contr\u00f4lent largement le terrain et consid\u00e8rent toute information comme une arme, qu&#8217;ils s&#8217;efforcent de manipuler \u00e0 leur profit. Mais si l&#8217;on compare la guerre du Kosovo \u00e0 celle du Golfe, quelque chose a chang\u00e9 : c&#8217;est le formidable d\u00e9veloppement d&#8217;Internet. Il suffit de surfer sur la Toile pour mesurer le nombre de sources disponibles. D&#8217;ailleurs, si l&#8217;extraordinaire manipulation qui a entour\u00e9 l&#8217;intervention de l&#8217;OTAN \u00e9tait imputable \u00e0 cette pr\u00e9tendue rar\u00e9faction de l&#8217;information, comment expliquer que les m\u00e9dias \u00e9trangers aient assur\u00e9 une couverture plus approfondie et plus critique ? Cette remarque vaut pour le suivi, \u00e0 chaud, des \u00e9v\u00e9nements mais a fortiori pour ce que nous avons appris, depuis, et sur la guerre, et sur l&#8217;apr\u00e8s-guerre.<\/p>\n<p><strong> R\u00e9sumons : <\/strong> il suffit de consulter les m\u00e9dias \u00e9trangers pour savoir, par exemple, que les Etats-Unis sont pour beaucoup dans le blocage de la conf\u00e9rence de Rambouillet ; que le &#8220;g\u00e9nocide&#8221; annonc\u00e9 au Kosovo se solde par 1 208 cadavres exhum\u00e9s et 4 266 Kosovars albanais d\u00e9clar\u00e9s disparus par leurs proches ; que l&#8217;origine du fameux plan &#8220;Fer \u00e0 cheval&#8221; serait plus que douteuse ; que l&#8217;\u00e9puration ethnique, selon l&#8217;OSCE, s&#8217;est g\u00e9n\u00e9ralis\u00e9e avec le d\u00e9but des bombardements ; que, d&#8217;apr\u00e8s un rapport secret r\u00e9v\u00e9l\u00e9 par Neewsweek, l&#8217;OTAN a outrageusement gonfl\u00e9 sa &#8220;victoire&#8221; militaire contre les forces serbes, sa v\u00e9ritable victoire r\u00e9sultant des coups port\u00e9s \u00e0 la population civile&#8230; Autant d&#8217;\u00e9l\u00e9ments dont chaque journaliste consciencieux peut se saisir, remonter \u00e0 leurs sources, les croiser avec d&#8217;autres&#8230; et se livrer \u00e0 l&#8217;autocritique des &#8220;erreurs&#8221; r\u00e9p\u00e9t\u00e9es commises, sur tous ces sujets, par les m\u00e9dias.<\/p>\n<p>Il en va de m\u00eame de l&#8217;\u00e9volution sur le terrain depuis la fin de la guerre : retour des 800 000 Kosovars albanais exil\u00e9s, mais expulsion de 250 000 Kosovars serbes ou tziganes ; tentatives, jusqu&#8217;ici r\u00e9ussies, de l&#8217;ex-Arm\u00e9e de lib\u00e9ration du Kosovo (UCK) pour monopoliser le pouvoir \u00e0 tous les niveaux ; survie de la dictature. Nul journaliste soucieux du s\u00e9rieux de l&#8217;information ne peut ignorer cette cascade de d\u00e9mentis cinglants aux ambitions affich\u00e9es par l&#8217;OTAN.<\/p>\n<p>Les medias n&#8217;ont pas cherch\u00e9 \u00e0 fournir aux citoyens les moyens de se forger un jugement ind\u00e9pendant, mais, pour parler net, \u00e0 leur &#8220;bourrer le cr\u00e2ne&#8221;. Cela dit, je r\u00e9pugne \u00e0 personnaliser outranci\u00e8rement cette mise en cause. Certes, chaque journaliste est responsable de ce qu&#8217;il produit. Et rien n&#8217;excuse l&#8217;incroyable manipulation dont certains se sont fait les instruments. Pourtant, nous savons bien qu&#8217;au-del\u00e0 des individus, c&#8217;est tout un syst\u00e8me qui est en question.<\/p>\n<p>Le plus grave, c&#8217;est la mani\u00e8re dont les journalistes sont s\u00e9lectionn\u00e9s, form\u00e9s, voire &#8220;format\u00e9s&#8221;. Individuellement, rien n&#8217;interdit \u00e0 un enfant de la bonne bourgeoisie, pass\u00e9 par Sciences Po, puis par le CFJ ou l&#8217;ESJ, de bien faire son travail. Evidemment, sinon nous en reviendrions \u00e0 des caricatures d\u00e9terministes. Mais, quand la majorit\u00e9 de la &#8220;classe journalistique&#8221; semble clon\u00e9e sur ce mod\u00e8le, il y a de quoi s&#8217;inqui\u00e9ter pour le pluralisme social, culturel et id\u00e9ologique.<\/p>\n<p>Non moins graves sont les conditions dans lesquelles les journalistes sont amen\u00e9s \u00e0 travailler. La mainmise du pouvoir et des puissances d&#8217;argent sur les m\u00e9dias r\u00e9duit comme peau de chagrin la libert\u00e9 d&#8217;informer. La loi du profit privil\u00e9gie le spectaculaire au profond, l&#8217;instantan\u00e9 \u00e0 la longue dur\u00e9e, le people au s\u00e9rieux.<\/p>\n<p>Sans oublier le co\u00fbt journalistique de la course \u00e0 la rentabilit\u00e9 : r\u00e9duction des r\u00e9dactions au profit des g\u00e9n\u00e9ralistes et sur le dos des sp\u00e9cialistes et multiplication des statuts pr\u00e9caires&#8230; La couverture de la guerre du Kosovo confirme, s&#8217;il en \u00e9tait besoin, qu&#8217;il y a une bataille essentielle \u00e0 mener. Non pas contre les journalistes mais avec eux, au service d&#8217;une information d\u00e9mocratique. n<\/p>\n<p>* Pr\u00e9sident du Courrier des Balkans, petite structure militante qui diffuse, en fran\u00e7ais, les analyses de la presse ind\u00e9pendante des Balkans<\/p>\n<p>** Journaliste et auteur avec Serge Halimi de l&#8217;Opinion, \u00e7a se travaille (Les m\u00e9dias, l&#8217;OTAN et la guerre du Kosovo), Editions Agone, collection Contre-feux, 98 pages, 40F<\/p>\n","protected":false},"excerpt":{"rendered":"<p> Entretien avec Bernard Dr\u00e9ano <\/p>\n","protected":false},"author":483,"featured_media":0,"comment_status":"open","ping_status":"open","sticky":false,"template":"","format":"standard","meta":{"_themeisle_gutenberg_block_has_review":false,"footnotes":""},"categories":[141],"tags":[287],"class_list":["post-2059","post","type-post","status-publish","format-standard","hentry","category-archives-web","tag-medias"],"_links":{"self":[{"href":"https:\/\/archives.regards.fr\/index.php?rest_route=\/wp\/v2\/posts\/2059","targetHints":{"allow":["GET"]}}],"collection":[{"href":"https:\/\/archives.regards.fr\/index.php?rest_route=\/wp\/v2\/posts"}],"about":[{"href":"https:\/\/archives.regards.fr\/index.php?rest_route=\/wp\/v2\/types\/post"}],"author":[{"embeddable":true,"href":"https:\/\/archives.regards.fr\/index.php?rest_route=\/wp\/v2\/users\/483"}],"replies":[{"embeddable":true,"href":"https:\/\/archives.regards.fr\/index.php?rest_route=%2Fwp%2Fv2%2Fcomments&post=2059"}],"version-history":[{"count":0,"href":"https:\/\/archives.regards.fr\/index.php?rest_route=\/wp\/v2\/posts\/2059\/revisions"}],"wp:attachment":[{"href":"https:\/\/archives.regards.fr\/index.php?rest_route=%2Fwp%2Fv2%2Fmedia&parent=2059"}],"wp:term":[{"taxonomy":"category","embeddable":true,"href":"https:\/\/archives.regards.fr\/index.php?rest_route=%2Fwp%2Fv2%2Fcategories&post=2059"},{"taxonomy":"post_tag","embeddable":true,"href":"https:\/\/archives.regards.fr\/index.php?rest_route=%2Fwp%2Fv2%2Ftags&post=2059"}],"curies":[{"name":"wp","href":"https:\/\/api.w.org\/{rel}","templated":true}]}}