{"id":202,"date":"2015-09-25T11:42:39","date_gmt":"2015-09-25T09:42:39","guid":{"rendered":"https:\/\/wp.muchomaas.com\/breve-maitena-biraben\/"},"modified":"2015-09-25T11:42:39","modified_gmt":"2015-09-25T09:42:39","slug":"breve-maitena-biraben","status":"publish","type":"post","link":"https:\/\/archives.regards.fr\/?p=202","title":{"rendered":"Ma\u00eftena Biraben"},"content":{"rendered":"<p><em>\u00ab\u00a0Les propos de la v\u00e9rit\u00e9 sont souvent tenus par le FN aujourd&#8217;hui, rarement par le PS, tr\u00e8s rarement par les partis classiques. (\u2026) Les Fran\u00e7ais se reconnaissent dans le discours de v\u00e9rit\u00e9 tenu par le FN. \u00bb<\/em> (Canal+, 24\/09\/2015)<\/p>\n","protected":false},"excerpt":{"rendered":"<p>\u00ab\u00a0Les propos de la v\u00e9rit\u00e9 sont souvent tenus par le FN aujourd&#8217;hui, rarement par le PS, tr\u00e8s rarement par les partis classiques. (\u2026) Les Fran\u00e7ais se reconnaissent dans le discours de v\u00e9rit\u00e9 tenu par le FN. \u00bb (Canal+, 24\/09\/2015)<\/p>\n","protected":false},"author":1,"featured_media":0,"comment_status":"open","ping_status":"open","sticky":false,"template":"","format":"standard","meta":{"_themeisle_gutenberg_block_has_review":false,"footnotes":""},"categories":[284],"tags":[],"class_list":["post-202","post","type-post","status-publish","format-standard","hentry","category-declarama-breves"],"_links":{"self":[{"href":"https:\/\/archives.regards.fr\/index.php?rest_route=\/wp\/v2\/posts\/202","targetHints":{"allow":["GET"]}}],"collection":[{"href":"https:\/\/archives.regards.fr\/index.php?rest_route=\/wp\/v2\/posts"}],"about":[{"href":"https:\/\/archives.regards.fr\/index.php?rest_route=\/wp\/v2\/types\/post"}],"author":[{"embeddable":true,"href":"https:\/\/archives.regards.fr\/index.php?rest_route=\/wp\/v2\/users\/1"}],"replies":[{"embeddable":true,"href":"https:\/\/archives.regards.fr\/index.php?rest_route=%2Fwp%2Fv2%2Fcomments&post=202"}],"version-history":[{"count":0,"href":"https:\/\/archives.regards.fr\/index.php?rest_route=\/wp\/v2\/posts\/202\/revisions"}],"wp:attachment":[{"href":"https:\/\/archives.regards.fr\/index.php?rest_route=%2Fwp%2Fv2%2Fmedia&parent=202"}],"wp:term":[{"taxonomy":"category","embeddable":true,"href":"https:\/\/archives.regards.fr\/index.php?rest_route=%2Fwp%2Fv2%2Fcategories&post=202"},{"taxonomy":"post_tag","embeddable":true,"href":"https:\/\/archives.regards.fr\/index.php?rest_route=%2Fwp%2Fv2%2Ftags&post=202"}],"curies":[{"name":"wp","href":"https:\/\/api.w.org\/{rel}","templated":true}]}}