{"id":199,"date":"2015-09-22T13:07:00","date_gmt":"2015-09-22T11:07:00","guid":{"rendered":"https:\/\/wp.muchomaas.com\/breve-nadine-morano-199\/"},"modified":"2015-09-22T13:07:00","modified_gmt":"2015-09-22T11:07:00","slug":"breve-nadine-morano-199","status":"publish","type":"post","link":"https:\/\/archives.regards.fr\/?p=199","title":{"rendered":"Nadine Morano"},"content":{"rendered":"<p><em>\u00ab\u00a0On n&#8217;est pas encore \u00e0 un niveau de remplacement mais ce sentiment d&#8217;\u00eatre envahis est r\u00e9el, et c&#8217;est une r\u00e9volte. \u00bb<\/em> (BFMTV, 22\/09\/2015)<\/p>\n","protected":false},"excerpt":{"rendered":"<p>\u00ab\u00a0On n&#8217;est pas encore \u00e0 un niveau de remplacement mais ce sentiment d&#8217;\u00eatre envahis est r\u00e9el, et c&#8217;est une r\u00e9volte. \u00bb (BFMTV, 22\/09\/2015)<\/p>\n","protected":false},"author":1,"featured_media":0,"comment_status":"open","ping_status":"open","sticky":false,"template":"","format":"standard","meta":{"_themeisle_gutenberg_block_has_review":false,"footnotes":""},"categories":[284],"tags":[],"class_list":["post-199","post","type-post","status-publish","format-standard","hentry","category-declarama-breves"],"_links":{"self":[{"href":"https:\/\/archives.regards.fr\/index.php?rest_route=\/wp\/v2\/posts\/199","targetHints":{"allow":["GET"]}}],"collection":[{"href":"https:\/\/archives.regards.fr\/index.php?rest_route=\/wp\/v2\/posts"}],"about":[{"href":"https:\/\/archives.regards.fr\/index.php?rest_route=\/wp\/v2\/types\/post"}],"author":[{"embeddable":true,"href":"https:\/\/archives.regards.fr\/index.php?rest_route=\/wp\/v2\/users\/1"}],"replies":[{"embeddable":true,"href":"https:\/\/archives.regards.fr\/index.php?rest_route=%2Fwp%2Fv2%2Fcomments&post=199"}],"version-history":[{"count":0,"href":"https:\/\/archives.regards.fr\/index.php?rest_route=\/wp\/v2\/posts\/199\/revisions"}],"wp:attachment":[{"href":"https:\/\/archives.regards.fr\/index.php?rest_route=%2Fwp%2Fv2%2Fmedia&parent=199"}],"wp:term":[{"taxonomy":"category","embeddable":true,"href":"https:\/\/archives.regards.fr\/index.php?rest_route=%2Fwp%2Fv2%2Fcategories&post=199"},{"taxonomy":"post_tag","embeddable":true,"href":"https:\/\/archives.regards.fr\/index.php?rest_route=%2Fwp%2Fv2%2Ftags&post=199"}],"curies":[{"name":"wp","href":"https:\/\/api.w.org\/{rel}","templated":true}]}}