{"id":1972,"date":"2000-05-01T00:00:00","date_gmt":"2000-04-30T22:00:00","guid":{"rendered":"https:\/\/wp.muchomaas.com\/le-monde-naissant-des-responsables1972\/"},"modified":"2000-05-01T00:00:00","modified_gmt":"2000-04-30T22:00:00","slug":"le-monde-naissant-des-responsables1972","status":"publish","type":"post","link":"https:\/\/archives.regards.fr\/?p=1972","title":{"rendered":"Le monde naissant des responsables associ\u00e9s"},"content":{"rendered":"<p class=\"post_excerpt\"> Le printemps 2000 confirmera-t-il la franche entr\u00e9e des soci\u00e9t\u00e9s dans l&#8217;\u00e8re des associations humaines contre la marchandisation du monde ? Plusieurs actions et r\u00e9unions internationales en donnent les signes et appellent des avanc\u00e9es en termes de convergences politiques internationales. <\/p>\n<p>La victoire d&#8217;un Haider en Autriche, le cynisme et les calculs guerriers d&#8217;un Poutine comme les obstacles \u00e0 l&#8217;entreprise de r\u00e9conciliation au Kosovo interdisent toute s\u00e9r\u00e9nit\u00e9 en Europe. A ses portes ou en son sein, la confrontation reste permanente entre, d&#8217;un c\u00f4t\u00e9, le conservatisme et son volet le plus dangereux, et de l&#8217;autre, l&#8217;espoir d&#8217;une construction garantissant la paix, vocation premi\u00e8re de l&#8217;Union europ\u00e9enne selon les citoyens interrog\u00e9s sur le sujet. Dans le m\u00eame temps, lesdits citoyens auront pris leurs responsabilit\u00e9s de mani\u00e8re \u00e9clatante, que ce soit en cr\u00e9ant un comit\u00e9 Tch\u00e9tch\u00e9nie (1) repr\u00e9sentant des personnes d&#8217;horizons divers, ou bien en s&#8217;associant en un comit\u00e9 de vigilance des citoyens d&#8217;Europe contre la banalisation de l&#8217;extr\u00eame droite, avec les Autrichiens eux-m\u00eames (2). Et bient\u00f4t, en &#8220;espace europ\u00e9en&#8221;, plus large encore. Cet engagement de la soci\u00e9t\u00e9 a sans doute constitu\u00e9 un encouragement pour les parlementaires europ\u00e9ens qui, non sans audace politique, ont pu installer, \u00e0 Vienne m\u00eame, l&#8217;Observatoire europ\u00e9en du racisme, vot\u00e9 il y a deux ans dans d&#8217;autres circonstances.<\/p>\n<p>La pr\u00e9sence au sein du Conseil d&#8217;administration, pour chacun des Quinze, d&#8217;un repr\u00e9sentant issu de la soci\u00e9t\u00e9 civile, outre le d\u00e9l\u00e9gu\u00e9 de la Commission et celui du Conseil, a \u00e9galement pes\u00e9 dans ce choix, au diapason des conceptions d&#8217;une opinion publique tr\u00e8s r\u00e9active sur le sujet (3). Cette prise en mains par les citoyens de nombreuses questions qui rel\u00e8vent d&#8217;une certaine \u00e9thique, sociale, environnementale, politique, de la vie en soci\u00e9t\u00e9 a d\u00e9j\u00e0 eu l&#8217;occasion de se manifester en de nombreuses occasions (4). Si \u00e0 l&#8217;\u00e9chelle europ\u00e9enne, ce round d&#8217;observation r\u00e9ciproque reste pacifique, il ne cesse d&#8217;interroger les termes de nouvelles pratiques politiques. Mais le mouvement qui secoue les fondements des soci\u00e9t\u00e9s du monde est plus conflictuel dans la mesure o\u00f9 les effets de la mondialisation fa\u00e7on ultra-lib\u00e9rale sont des plus violents. Pour brutale qu&#8217;elle soit, celle-ci n&#8217;est cependant pas un ph\u00e9nom\u00e8ne pr\u00e9d\u00e9termin\u00e9 . L&#8217;urgence d&#8217;y faire \u00e9chec permet de lever les obstacles d&#8217;une difficile recherche d&#8217;actions convergentes.<\/p>\n<p><strong> Associations et ONG du Nord et du Sud : une synergie nouvelle <\/strong><\/p>\n<p>Sur le plan strictement social, l&#8217;initiative d&#8217;une mobilisation europ\u00e9enne des salari\u00e9s d&#8217;ABB-Alsthom a manifestement particip\u00e9 de cette analyse. Soigneusement pr\u00e9par\u00e9e par des concertations multiples entre syndicats locaux des diff\u00e9rents pays (France, Belgique, Allemagne, Italie, Portugal et Suisse), elle a b\u00e9n\u00e9fici\u00e9 de tout l&#8217;appui des forces syndicales, la Conf\u00e9d\u00e9ration europ\u00e9enne des syndicats et la F\u00e9d\u00e9ration europ\u00e9enne de la m\u00e9tallurgie \u00e9tant partie prenante. La revendication ponctuelle du retrait des 10 000 suppressions d&#8217;emplois annonc\u00e9es s&#8217;accompagnait de la demande insistante du renforcement des droits sociaux au sein de l&#8217;Union europ\u00e9enne et de la mise en place de contre-expertises \u00e9conomiques au niveau de tout le groupe. La barre a donc pu \u00eatre plac\u00e9e haut, le lien entre l&#8217;int\u00e9r\u00eat local et des enjeux europ\u00e9ens permettant d&#8217;\u00e9largir le champ des contre-pouvoirs \u00e0 la mondialisation lib\u00e9rale.<\/p>\n<p>Peu de jours auparavant, \u00e0 Durban, le congr\u00e8s de la conservatrice Conf\u00e9d\u00e9ration internationale des syndicats libres (CISL), a elle-m\u00eame abord\u00e9 la question d&#8217;un contrat social international. Le directeur g\u00e9n\u00e9ral de l&#8217;Organisation mondiale du Travail, Juan Somovia, affirmait &#8220;la n\u00e9cessit\u00e9 d&#8217;une mondialisation s&#8217;adaptant aux hommes et non l&#8217;inverse, au risque d&#8217;\u00eatre stopp\u00e9e dans son d\u00e9veloppement&#8221;. Et c&#8217;est le leader de la puissante centrale am\u00e9ricaine AFL-CIO, John Sweeney, qui en a appel\u00e9 \u00e0 un renforcement de l&#8217;adh\u00e9sion aux syndicats, afin de &#8220;faire monter la pression&#8221;, ajoutant sa voix \u00e0 celle des organisations syndicales de la plan\u00e8te d\u00e9sirant s&#8217;engager dans un processus d&#8217;appropriation de nouveaux pouvoirs.<\/p>\n<p>Sur un autre terrain, il y a un an encore, qui aurait pu imaginer l&#8217;acquittement net et sans bavures du leader br\u00e9silien des sans-terre, Jos\u00e9 Rainha, risquant vingt-six ann\u00e9es de prison? L&#8217;objet politique du combat de Rainha et ses compagnons tient en ces chiffres : 1% des propri\u00e9taires poss\u00e8dent seuls pr\u00e8s de la moiti\u00e9 des terres cultivables tandis que plus de 23 millions de paysans et d&#8217;ouvriers agricoles tentent de survivre (5). Les sans- terre \u00e9taient \u00e0 Seattle, leur mouvement fut largement mondialis\u00e9, notamment par la voie du Web. Dans sa plaidoirie, le grand avocat Me Evandro Lins e Silva ne s&#8217;y est pas tromp\u00e9. Critiquant la situation sociale, il la reliait tr\u00e8s naturellement aux &#8220;effets pervers du processus de globalisation&#8221; et d\u00e9clarait : &#8220;Il ne suffit pas d&#8217;avoir aboli l&#8217;esclavage si on ne fait pas la r\u00e9forme agraire.&#8221;<\/p>\n<p>On pourrait dire de la m\u00eame fa\u00e7on qu&#8217;il ne suffit pas d&#8217;all\u00e9ger les dettes des pays les plus pauvres pour que leur situation s&#8217;am\u00e9liore. Jug\u00e9 historique par le pr\u00e9sident \u00e9gyptien Hosni Moubarak qui ouvrait les discussions, le Sommet euro-africain du Caire du 3 avril a montr\u00e9 les limites d&#8217;une coop\u00e9ration bilat\u00e9rale qui demeurerait, d&#8217;une part, prisonni\u00e8re des r\u00e8gles de l&#8217;Organisation mondiale du commerce, comme vient de le confirmer la nouvelle Convention de Lom\u00e9 (voir p. 27), imposant un mod\u00e8le d&#8217;int\u00e9gration unique au &#8220;grand march\u00e9 lib\u00e9ral&#8221; et d&#8217;autre part, qui ignorerait les besoins en financement et d\u00e9veloppement des pays, du Maghreb \u00e0 l&#8217;Afrique subsaharienne. On ne peut ignorer, dans la teneur des \u00e9changes, l&#8217;impact de l&#8217;opinion publique internationale et notamment africaine. La rencontre, \u00e0 Seattle, des associations et ONG du Nord et du Sud a scell\u00e9 des convergences d&#8217;un nouvel ordre et cette synergie naissante n&#8217;a pas \u00e9chapp\u00e9 aux gouvernants. Un premier point avait d&#8217;ailleurs rapidement \u00e9t\u00e9 marqu\u00e9, en janvier 2000, \u00e0 Montr\u00e9al lorsque les pays africains avaient pu obtenir pour la premi\u00e8re fois dans une n\u00e9gociation internationale, gr\u00e2ce \u00e0 une alliance avec l&#8217;Europe, une r\u00e9glementation sur le commerce des organismes g\u00e9n\u00e9tiquement modifi\u00e9s, en leur faveur, en mati\u00e8re de bios\u00e9curit\u00e9 (6).<\/p>\n<p>On ne peut ignorer non plus les effets de la campagne Jubil\u00e9 2000 contre l&#8217;endettement des pays du tiers monde, et qui avait permis de recueillir 17 millions de signatures, sur les annonces r\u00e9p\u00e9t\u00e9es d&#8217;annulation de la dette depuis le sommet de Cologne en juin 1999 et jusqu&#8217;en mars 2000. Annuler, oui, mais plus encore, un autre message commence \u00e0 passer. Le Comit\u00e9 pour l&#8217;Annulation de la dette (cadtm@skynet.be) s&#8217;est livr\u00e9 \u00e0 des analyses concr\u00e8tes des cons\u00e9quences de l&#8217;\u00e9laboration de ces politiques contenues dans le &#8220;cadre strat\u00e9gique de lutte contre la pauvret\u00e9&#8221; : appellation relook\u00e9e par un FMI press\u00e9 par les contestataires du monde entier de tenir compte du social. &#8220;Les d\u00e9penses de sant\u00e9 et d&#8217;\u00e9ducation sont microscopiques. Elles consistent en quelque sorte \u00e0 augmenter de 2% les d\u00e9penses apr\u00e8s les avoir r\u00e9duites de mani\u00e8re continue pendant quinze ans (ce qui \u00e9quivaut \u00e0 une r\u00e9duction de l&#8217;ordre de 20%). A ce rythme-l\u00e0, il faudra attendre 2010 pour retrouver le niveau de d\u00e9penses de&#8230; 1985&#8221;. Annuler, donc, mais surtout soustraire les pays les plus pauvres aux politiques dites d&#8217;ajustements structurels de la Banque mondiale et du Fmi : c&#8217;est aussi ce que les chefs d&#8217;Etats du Maghreb et de l&#8217;Afrique sont venus dire au Caire aux gouvernants europ\u00e9ens. Se faisant l&#8217;\u00e9cho des pr\u00e9occupations des pays africains, le pr\u00e9sident alg\u00e9rien Abdelaziz Bouteflika affirmait d&#8217;ailleurs que &#8220;les th\u00e9ories tendant \u00e0 abandonner tout le terrain \u00e0 la r\u00e9gulation des march\u00e9s ont \u00e9t\u00e9 contredites par la r\u00e9alit\u00e9&#8221; et r\u00e9clamait un partenariat qui s&#8217;inscrive dans &#8220;une vision \u00e9conomique et sociale vaste, tenant compte du d\u00e9veloppement durable&#8221;.<\/p>\n<p>Au fur et \u00e0 mesure que les citoyens s&#8217;invitent dans les grands rendez-vous tels Davos, Seattle ou autres, l&#8217;autoritarisme de la gouvernance unilat\u00e9rale des grandes institutions internationales est de plus en plus remis en question. Hier encore, des dizaines d&#8217;organisations se sont r\u00e9unies \u00e0 Boston (USA) pour r\u00e9diger un appel-p\u00e9tition pour l&#8217;\u00e9laboration d&#8217;une strat\u00e9gie internationale (7). Dirig\u00e9e principalement contre l&#8217;actuelle OMC, cette offensive n&#8217;entend pas \u00e9pargner le FMI, la Banque mondiale ou l&#8217;ONU. Tout au long de l&#8217;ann\u00e9e, le calendrier international sera marqu\u00e9 par des rassemblements en appelant \u00e0 une autre &#8220;gouvernance du monde&#8221;. Washington, en avril : r\u00e9union de printemps de La Banque mondiale et du FMI. Des centaines de mouvements se sont mobilis\u00e9s sur plusieurs th\u00e8mes : dette du tiers monde, lutte contre la sp\u00e9culation financi\u00e8re, taxation des capitaux, contr\u00f4le citoyen de la Banque mondiale et du FMI. Gen\u00e8ve, en juin : \u00e9valuation du sommet de l&#8217;ONU Copenhague 5 pour le d\u00e9veloppement social. Manifestation &#8220;Apr\u00e8s Seattle&#8221;, devant le si\u00e8ge de l&#8217;OMC. Manifestations syndicales contre la mondialisation n\u00e9o-lib\u00e9rale, au Bureau international du travail. Okinawa, en juillet : sommet du G7. New York, en octobre : aboutissement de la Marche mondiale des femmes, au sein de laquelle l&#8217;abandon des politiques d&#8217;ajustement occupent une bonne place. D\u00e9cembre, Dakar, m\u00eame sujet.<\/p>\n<p><strong> Articuler vite actions et int\u00e9r\u00eats locaux et internationaux <\/strong><\/p>\n<p>Sur fond d&#8217;\u00e9changes mondialis\u00e9s, activ\u00e9s par l&#8217;utilisation des technologies de la communication, mais sous la coupe de la dictature lib\u00e9rale, comment gouverner le monde ? D\u00e9bat hautement politique, \u00e0 la jonction d&#8217;un nouvel internationalisme et des convictions plus traditionnellement &#8220;mondialistes&#8221;. Les cadres actuels peuvent-ils \u00eatre r\u00e9nov\u00e9s ? Doit-on en b\u00e2tir d&#8217;autres ? Le d\u00e9bat est ouvert, avec ce souci d&#8217;articuler vite actions et int\u00e9r\u00eats locaux et internationaux. Mais cette alternative ne peut se construire sans son volet politique. Elle ne peut \u00e9luder, par exemple, la r\u00e9orientation des actions des Etats, plus prompts jusqu&#8217;ici \u00e0 contribuer \u00e0 la d\u00e9r\u00e9gulation qu&#8217;\u00e0 aider \u00e0 la structuration des r\u00e9ponses au d\u00e9veloppement humain. Elle interroge \u00e9galement le rapport des mouvements sociaux aux repr\u00e9sentations syst\u00e9miques politiques. Elle r\u00e9clame de nouveaux espaces de d\u00e9cisions ouverts aux citoyens \u00e0 l&#8217;\u00e9chelon local comme international et fait en cela appel \u00e0 l&#8217;inventivit\u00e9 des soci\u00e9t\u00e9s pour changer de monde.<\/p>\n<p>1. comitetchechenie@hotmail.com<\/p>\n<p>2. elgauthi@internatif.org<\/p>\n<p>3. Regards n\u00b0 56, &#8220;Haider, Le Pen, Bossi et les autres&#8221;.<\/p>\n<p>4. Supp. Forum de Regards, n\u00b0 1 et 2.<\/p>\n<p>5. Regards n\u00b0 55, p. 22.<\/p>\n<p>6. Regards n\u00b051.<\/p>\n<p>7. L&#8217;Humanit\u00e9, 10 avril 2000.<\/p>\n","protected":false},"excerpt":{"rendered":"<p> Le printemps 2000 confirmera-t-il la franche entr\u00e9e des soci\u00e9t\u00e9s dans l&#8217;\u00e8re des associations humaines contre la marchandisation du monde ? Plusieurs actions et r\u00e9unions internationales en donnent les signes et appellent des avanc\u00e9es en termes de convergences politiques internationales. <\/p>\n","protected":false},"author":1,"featured_media":0,"comment_status":"open","ping_status":"open","sticky":false,"template":"","format":"standard","meta":{"_themeisle_gutenberg_block_has_review":false,"footnotes":""},"categories":[141],"tags":[302],"class_list":["post-1972","post","type-post","status-publish","format-standard","hentry","category-archives-web","tag-alternatives"],"_links":{"self":[{"href":"https:\/\/archives.regards.fr\/index.php?rest_route=\/wp\/v2\/posts\/1972","targetHints":{"allow":["GET"]}}],"collection":[{"href":"https:\/\/archives.regards.fr\/index.php?rest_route=\/wp\/v2\/posts"}],"about":[{"href":"https:\/\/archives.regards.fr\/index.php?rest_route=\/wp\/v2\/types\/post"}],"author":[{"embeddable":true,"href":"https:\/\/archives.regards.fr\/index.php?rest_route=\/wp\/v2\/users\/1"}],"replies":[{"embeddable":true,"href":"https:\/\/archives.regards.fr\/index.php?rest_route=%2Fwp%2Fv2%2Fcomments&post=1972"}],"version-history":[{"count":0,"href":"https:\/\/archives.regards.fr\/index.php?rest_route=\/wp\/v2\/posts\/1972\/revisions"}],"wp:attachment":[{"href":"https:\/\/archives.regards.fr\/index.php?rest_route=%2Fwp%2Fv2%2Fmedia&parent=1972"}],"wp:term":[{"taxonomy":"category","embeddable":true,"href":"https:\/\/archives.regards.fr\/index.php?rest_route=%2Fwp%2Fv2%2Fcategories&post=1972"},{"taxonomy":"post_tag","embeddable":true,"href":"https:\/\/archives.regards.fr\/index.php?rest_route=%2Fwp%2Fv2%2Ftags&post=1972"}],"curies":[{"name":"wp","href":"https:\/\/api.w.org\/{rel}","templated":true}]}}