{"id":1947,"date":"2000-05-01T00:00:00","date_gmt":"2000-04-30T22:00:00","guid":{"rendered":"https:\/\/wp.muchomaas.com\/des-chiffres-et-des-films1947\/"},"modified":"2000-05-01T00:00:00","modified_gmt":"2000-04-30T22:00:00","slug":"des-chiffres-et-des-films1947","status":"publish","type":"post","link":"https:\/\/archives.regards.fr\/?p=1947","title":{"rendered":"Des chiffres et des films"},"content":{"rendered":"<p class=\"post_excerpt\"> Le Festival s&#8217;ouvrira sur Vatel, de Roland Joffr\u00e9. TF1, coproductrice, a investi 22 millions de francs. En comparaison, une \u00e9mission de premi\u00e8re partie de soir\u00e9e, fiction ou divertissement, co\u00fbte entre 1,5 et 6 millions. <\/p>\n<p>Le cin\u00e9ma et la t\u00e9l\u00e9vision sont deux mondes d\u00e9pendants l&#8217;un de l&#8217;autre qui ne cessent, cependant, de s&#8217;\u00e9loigner. La richesse des films fran\u00e7ais constitue, en m\u00eame temps, sa plus grande fragilit\u00e9. Le compte de soutien, finan\u00e7ant l&#8217;aide automatique aux films, est consid\u00e9r\u00e9 comme le meilleur d&#8217;Europe. Le syst\u00e8me de protection des salles interdit aux cha\u00eenes de diffuser des longs m\u00e9trages les mercredi et vendredi soir, ainsi que les samedi et dimanche avant 20h 30. Un seuil de 129 films ne doit pas \u00eatre franchi. Des quotas sont en application. Canal Plus, en tant que cha\u00eene crypt\u00e9e, doit investir 20 % de son chiffre d&#8217;affaire dans le septi\u00e8me art (la moiti\u00e9 est dirig\u00e9e vers des productions fran\u00e7aises). On estime \u00e0 pr\u00e8s de 40 % l&#8217;investissement des cha\u00eenes de t\u00e9l\u00e9vision dans le cin\u00e9ma hexagonal.<\/p>\n<p>La contrepartie se situe en amont et en aval de la cr\u00e9ation artistique. Les producteurs savent qu&#8217;un \u00e9chec en salles sera amorti par la diffusion sur les cha\u00eenes. Ces derni\u00e8res veulent des &#8220;produits&#8221; capables de s&#8217;installer aux heures de grande \u00e9coute, et sans choquer les annonceurs ou les t\u00e9l\u00e9spectateurs. Tout ce qui est trop audacieux ou connot\u00e9 &#8220;art et essai&#8221; est implacablement rejet\u00e9. Une grande partie des r\u00e9alisateurs fran\u00e7ais se trouve dans ce cas de figure. En dehors d&#8217;Arte, \u00e0 l&#8217;audience restreinte, personne ne programme en d\u00e9but de soir\u00e9e Claire Denis, Jean-Luc Godard ou Arnaud Deplechin. Le risque d&#8217;appauvrissement du cin\u00e9ma fran\u00e7ais ne tient donc pas simplement \u00e0 une baisse des entr\u00e9es dans les salles. Entre 1983 et 1992, 57 % des films produits n&#8217;ont pas trouv\u00e9 place sur le petit \u00e9cran. On pr\u00e9f\u00e8re rediffuser des valeurs s\u00fbres (la Grande Vadrouille en est l&#8217;exemple caricatural) ou des \u00e9missions de vari\u00e9t\u00e9s.<\/p>\n<p>Une seule cha\u00eene arrive \u00e0 r\u00e9sister \u00e0 cet assujettissement \u00e9conomique : Arte. Elle a pris le relais d&#8217;un service public lanc\u00e9 dans la course \u00e0 l&#8217;audimat. Ses r\u00e9ussites ont pour noms : Ressources humaines, de Laurent Cantet ou la collection Gauche\/Droite (Tontaine et tonton, de Tonie Marshall, la Voleuse de Saint-Lubi, de Claire Devers, entre autres). Elle propose une alternative aux circuits traditionnels en \u00e9tablissant une passerelle entre petit et grand \u00e9cran. Et si l&#8217;avenir du cin\u00e9ma fran\u00e7ais passait par la t\u00e9l\u00e9vision ?<\/p>\n<p>Bibliographie :<\/p>\n<p>Jean-Pierre J\u00e9z\u00e9quel et R\u00e9gine Chaniac, T\u00e9l\u00e9vision et Cin\u00e9ma. Le D\u00e9senchantement, Eds. INA\/Nathan.<\/p>\n","protected":false},"excerpt":{"rendered":"<p> Le Festival s&#8217;ouvrira sur Vatel, de Roland Joffr\u00e9. TF1, coproductrice, a investi 22 millions de francs. En comparaison, une \u00e9mission de premi\u00e8re partie de soir\u00e9e, fiction ou divertissement, co\u00fbte entre 1,5 et 6 millions. <\/p>\n","protected":false},"author":1,"featured_media":0,"comment_status":"open","ping_status":"open","sticky":false,"template":"","format":"standard","meta":{"_themeisle_gutenberg_block_has_review":false,"footnotes":""},"categories":[141],"tags":[299],"class_list":["post-1947","post","type-post","status-publish","format-standard","hentry","category-archives-web","tag-cinema"],"_links":{"self":[{"href":"https:\/\/archives.regards.fr\/index.php?rest_route=\/wp\/v2\/posts\/1947","targetHints":{"allow":["GET"]}}],"collection":[{"href":"https:\/\/archives.regards.fr\/index.php?rest_route=\/wp\/v2\/posts"}],"about":[{"href":"https:\/\/archives.regards.fr\/index.php?rest_route=\/wp\/v2\/types\/post"}],"author":[{"embeddable":true,"href":"https:\/\/archives.regards.fr\/index.php?rest_route=\/wp\/v2\/users\/1"}],"replies":[{"embeddable":true,"href":"https:\/\/archives.regards.fr\/index.php?rest_route=%2Fwp%2Fv2%2Fcomments&post=1947"}],"version-history":[{"count":0,"href":"https:\/\/archives.regards.fr\/index.php?rest_route=\/wp\/v2\/posts\/1947\/revisions"}],"wp:attachment":[{"href":"https:\/\/archives.regards.fr\/index.php?rest_route=%2Fwp%2Fv2%2Fmedia&parent=1947"}],"wp:term":[{"taxonomy":"category","embeddable":true,"href":"https:\/\/archives.regards.fr\/index.php?rest_route=%2Fwp%2Fv2%2Fcategories&post=1947"},{"taxonomy":"post_tag","embeddable":true,"href":"https:\/\/archives.regards.fr\/index.php?rest_route=%2Fwp%2Fv2%2Ftags&post=1947"}],"curies":[{"name":"wp","href":"https:\/\/api.w.org\/{rel}","templated":true}]}}