{"id":1931,"date":"2000-04-01T00:00:00","date_gmt":"2000-03-31T22:00:00","guid":{"rendered":"https:\/\/wp.muchomaas.com\/les-faux-pas-du-csa1931\/"},"modified":"2000-04-01T00:00:00","modified_gmt":"2000-03-31T22:00:00","slug":"les-faux-pas-du-csa1931","status":"publish","type":"post","link":"https:\/\/archives.regards.fr\/?p=1931","title":{"rendered":"Les faux pas du CSA"},"content":{"rendered":"<p>Depuis la fin de l&#8217;ann\u00e9e pass\u00e9e, des affiches vantant les m\u00e9rites de sites Internet fleurissent dans toutes les villes. Chacun veut en effet se faire une place au soleil, alors que les Fran\u00e7ais sont de plus en plus nombreux \u00e0 se connecter sur le r\u00e9seau. Il faut \u00eatre \u00e0 tout prix pr\u00e9sent pour jouer des coudes dans la course aux contenus qui, d\u00e9pendant de partenariats, ne sont pas extensibles \u00e0 l&#8217;infini, mais aussi pour avoir une bonne chance de se faire acheter par plus gros que soi et faire ainsi une jolie plus-value. La t\u00e9l\u00e9vision n&#8217;est pas \u00e9pargn\u00e9e et les \u00abwww.\u00bb se font cathodiques.<\/p>\n<p>Des secteurs d&#8217;activit\u00e9s \u00e9taient jusqu&#8217;\u00e0 pr\u00e9sent interdits de publicit\u00e9 t\u00e9l\u00e9vis\u00e9e : la presse, la grande distribution, le cin\u00e9ma et l&#8217;\u00e9dition. Ce d\u00e9cret de 1992 avait \u00e9t\u00e9 promulgu\u00e9 afin de prot\u00e9ger la presse quotidienne r\u00e9gionale (PQR) et la radio d&#8217;une fuite de ces annonceurs vers l&#8217;audiovisuel. Mais une publicit\u00e9 pour le site d&#8217;un grand distributeur est-elle assimilable \u00e0 une publicit\u00e9 traditionnelle ? En outre, les grandes cha\u00eenes de t\u00e9l\u00e9vision ne se g\u00eanant pas pour faire l&#8217;apologie de leurs propres sites, pourquoi les quotidiens nationaux d&#8217;information ayant ouvert un site sur Internet seraient-ils interdits d&#8217;antenne ? Un casse-t\u00eate auquel le CSA a r\u00e9pondu le mardi 22 f\u00e9vrier en autorisant, \u00e0 titre d&#8217;exp\u00e9rimentation pour dix-huit mois, la publicit\u00e9 \u00e0 la t\u00e9l\u00e9vision pour les quatre secteurs d&#8217;activit\u00e9s. &#8220;Nous avons voulu \u00e9viter une attitude frileuse et de repli, expliquait alors Herv\u00e9 Bourges, pr\u00e9sident du CSA. Notre d\u00e9cision vise \u00e0 permettre le d\u00e9veloppement des sites fran\u00e7ais en pr\u00e9servant les conditions d&#8217;une concurrence \u00e9quilibr\u00e9e entre eux.&#8221;<\/p>\n<p>La r\u00e9action de la PQR et des radios priv\u00e9es fut imm\u00e9diate : la grande distribution repr\u00e9sente pr\u00e8s d&#8217;un tiers de leurs revenus publicitaires. D&#8217;autres prises de positions assez virulentes ont suivi. Une invasion m\u00e9diatique de librairies en ligne, comme Amazon. com, ne signera-t-elle pas l&#8217;acte de disparition des librairies &#8220;de ville&#8221; ind\u00e9pendantes qui ne disposent pas de moyens suffisant pour s&#8217;afficher sur le petit \u00e9cran ? Les grosses soci\u00e9t\u00e9s de productions cin\u00e9matographiques am\u00e9ricaines n&#8217;envahiront-elles pas nos espaces publicitaires au d\u00e9triment d&#8217;un cin\u00e9ma fran\u00e7ais d\u00e9j\u00e0 en perte de vitesse ? Autant de questions qui ont fait r\u00e9agir Catherine Trautmann, ministre de la Culture et de la Communication, surprise par cette d\u00e9cision du CSA d\u00e9cid\u00e9e sans r\u00e9elle concertation avec les secteurs concern\u00e9s. Elle demandait ainsi aux sages de &#8220;bien mesurer les cons\u00e9quences&#8221; de leur d\u00e9cision.<\/p>\n<p>Devant une telle unanimit\u00e9, le CSA a d\u00e9cid\u00e9 le 29 f\u00e9vrier de faire marche arri\u00e8re pour &#8220;\u00e9largir la concertation \u00e0 toutes les parties concern\u00e9es&#8221;. Cette pol\u00e9mique, au del\u00e0 des enjeux \u00e9conomiques, r\u00e9v\u00e8le l&#8217;impr\u00e9paration de la France face aux mutations induites par les nouvelles technologies. Concevoir les enjeux \u00e0 long terme d&#8217;une d\u00e9r\u00e9glementation est un travail dangereux si l&#8217;on subit les changements sans en \u00eatre r\u00e9ellement acteur. En parant au plus press\u00e9, on s&#8217;expose \u00e0 avoir toujours un m\u00e9tro de retard. La loi sur l&#8217;audiovisuel qui passe en seconde lecture \u00e0 l&#8217;Assembl\u00e9e nationale en est un exemple. Prendre le temps pour la r\u00e9flexion et la concertation est une chose essentielle pour agir avec justesse et discernement. Mais au m\u00eame moment le monde des technologies avance \u00e0 toute vitesse. Il convient donc d&#8217;anticiper&#8230;<\/p>\n","protected":false},"excerpt":{"rendered":"<p>Depuis la fin de l&#8217;ann\u00e9e pass\u00e9e, des affiches vantant les m\u00e9rites de sites Internet fleurissent dans toutes les villes. Chacun veut en effet se faire une place au soleil, alors que les Fran\u00e7ais sont de plus en plus nombreux \u00e0 se connecter sur le r\u00e9seau. Il faut \u00eatre \u00e0 tout prix pr\u00e9sent pour jouer des [&hellip;]<\/p>\n","protected":false},"author":1,"featured_media":0,"comment_status":"open","ping_status":"open","sticky":false,"template":"","format":"standard","meta":{"_themeisle_gutenberg_block_has_review":false,"footnotes":""},"categories":[141],"tags":[287],"class_list":["post-1931","post","type-post","status-publish","format-standard","hentry","category-archives-web","tag-medias"],"_links":{"self":[{"href":"https:\/\/archives.regards.fr\/index.php?rest_route=\/wp\/v2\/posts\/1931","targetHints":{"allow":["GET"]}}],"collection":[{"href":"https:\/\/archives.regards.fr\/index.php?rest_route=\/wp\/v2\/posts"}],"about":[{"href":"https:\/\/archives.regards.fr\/index.php?rest_route=\/wp\/v2\/types\/post"}],"author":[{"embeddable":true,"href":"https:\/\/archives.regards.fr\/index.php?rest_route=\/wp\/v2\/users\/1"}],"replies":[{"embeddable":true,"href":"https:\/\/archives.regards.fr\/index.php?rest_route=%2Fwp%2Fv2%2Fcomments&post=1931"}],"version-history":[{"count":0,"href":"https:\/\/archives.regards.fr\/index.php?rest_route=\/wp\/v2\/posts\/1931\/revisions"}],"wp:attachment":[{"href":"https:\/\/archives.regards.fr\/index.php?rest_route=%2Fwp%2Fv2%2Fmedia&parent=1931"}],"wp:term":[{"taxonomy":"category","embeddable":true,"href":"https:\/\/archives.regards.fr\/index.php?rest_route=%2Fwp%2Fv2%2Fcategories&post=1931"},{"taxonomy":"post_tag","embeddable":true,"href":"https:\/\/archives.regards.fr\/index.php?rest_route=%2Fwp%2Fv2%2Ftags&post=1931"}],"curies":[{"name":"wp","href":"https:\/\/api.w.org\/{rel}","templated":true}]}}