{"id":1894,"date":"2000-04-01T00:00:00","date_gmt":"2000-03-31T22:00:00","guid":{"rendered":"https:\/\/wp.muchomaas.com\/au-rendez-vous-des-cinemas-du1894\/"},"modified":"2000-04-01T00:00:00","modified_gmt":"2000-03-31T22:00:00","slug":"au-rendez-vous-des-cinemas-du1894","status":"publish","type":"post","link":"https:\/\/archives.regards.fr\/?p=1894","title":{"rendered":"Au rendez-vous des cin\u00e9mas du monde Noir"},"content":{"rendered":"<p>Du 4 au 11 avril 2000, l&#8217;association Racines, pr\u00e9sid\u00e9e par Catherine Ruelle, propose, comme en 1998, au Forum des images (ex-Vid\u00e9oth\u00e8que de Paris) des rencontres autour de spectacles de cin\u00e9-contes, de projections de films africains et de la diaspora noire africaine-am\u00e9ricaine, cubaine, ha\u00eftienne, en pr\u00e9sence d&#8217;acteurs, de musiciens, de cin\u00e9astes, pr\u00eats \u00e0 \u00e9changer leurs r\u00e9flexions autour des oeuvres pr\u00e9sent\u00e9es, nombreuses, diverses.<\/p>\n<p><strong> Entre cin\u00e9ma et home-movies <\/strong><\/p>\n<p>Manthia Diawara, universitaire africain-am\u00e9ricain, qui a quitt\u00e9 le Mali encore lyc\u00e9en et qui, apr\u00e8s avoir pris la temp\u00e9rature de l&#8217;Universit\u00e9 de Vincennes en 1974, s&#8217;en est all\u00e9 faire des \u00e9tudes de litt\u00e9rature compar\u00e9e et de cin\u00e9ma dans une universit\u00e9 am\u00e9ricaine, enseigne, \u00e9crit et filme, avec un \u00e9vident plaisir. Il vit \u00e0 New York mais est \u00e0 Paris o\u00f9 nous l&#8217;avons rencontr\u00e9, et pr\u00e9sentera, dans la s\u00e9lection contemporaine de Racines noires 2000, &#8220;un journal de voyage cin\u00e9matographique&#8221;, appel\u00e9 Diaspora Conversations.<\/p>\n<p>C&#8217;est en marge d&#8217;un film que tournait la BBC sur l&#8217;acteur Danny Glover en visite en Afrique que Manthia Diawara r\u00e9alisa ce journal avec une petite vid\u00e9o magn\u00e9tique, similaire \u00e0 celle utilis\u00e9e par Jean-Paul Civeyrac pour les Solitaires.<\/p>\n<p>&#8220;Je pense, dit Diawara, que le film a \u00e9t\u00e9 d\u00e9mystifi\u00e9 avec la vid\u00e9o, dans un bon sens pour moi. Je prends ma cam\u00e9ra vid\u00e9o et je commence \u00e0 casser, \u00e0 fondre la fronti\u00e8re entre cin\u00e9ma et ce que nous appelons \u00ab home-movies \u00bb. Je m&#8217;amuse et je me rappelle combien nous avions \u00e9t\u00e9 \u00e9merveill\u00e9s par ce qu&#8217;Astruc appelait la cam\u00e9ra stylo, qui abolit les contraintes de temps, permet de m\u00ealer des essais tr\u00e8s acad\u00e9miques avec un r\u00e9cit \u00e0 la premi\u00e8re personne, ou avec des voix m\u00e9lang\u00e9es ; quelquefois j&#8217;utilise une photo kitsch, ou j&#8217;essaie de faire parler une image, je dis quelque chose que je ne pouvais pas dire autrement. De ces m\u00e9langes, je tente de faire un tout. Oui, on peut faire tout ou n&#8217;importe quoi avec la vid\u00e9o mais il faut avoir un regard, la notion d&#8217;un r\u00e9cit, s&#8217;investir dans ce r\u00e9cit. Nous montrons nos films ind\u00e9pendants de recherche dans des lieux faits pour eux, des installations, pas dans les cin\u00e9math\u00e8ques qui ont \u00e9t\u00e9 r\u00e9cup\u00e9r\u00e9es par d&#8217;autres ind\u00e9pendants qui ont toujours un oeil sur les box-offices, Spike Lee, Mike Leigh en Angleterre&#8230;&#8221;<\/p>\n<p><strong> Afrique : d\u00e9racinement et \u00e9ternel retour <\/strong><\/p>\n<p>On peut dire que Manthia Diawara s&#8217;est investi dans ce carnet de voyage cin\u00e9matographique dans lequel il se retrouve touriste dans son propre pays.<\/p>\n<p>&#8220;Je ne suis pas accroch\u00e9 au r\u00e9cit du retour, dit-il. Si je rentrais au Mali, ce serait un retour a-politique, un triste sc\u00e9nario pour moi. J&#8217;ai v\u00e9cu vingt-cinq ans aux Etats-Unis et je pense que je dois participer \u00e0 la politique de tous les jours l\u00e0-bas. Ce n&#8217;est pas ce que mes compatriotes pensent. Dans ma formation, j&#8217;ai \u00e9t\u00e9 marqu\u00e9 par les ind\u00e9pendances africaines qui m&#8217;ont fait sortir de mon ghetto identitaire tribal, par la d\u00e9couverte de l&#8217;universalisme des luttes et du d\u00e9racinement comme objet positif. Ma complicit\u00e9, ma solidarit\u00e9 avec l&#8217;Afrique se jouent d&#8217;une autre mani\u00e8re que dans le r\u00e9cit du retour : j&#8217;am\u00e8ne beaucoup d&#8217;Africains-Am\u00e9ricains en Afrique pour qu&#8217;ils connaissent l&#8217;Afrique et \u00e9changent avec les Africains.&#8221; Au d\u00e9but de son film, alors que Danny Glover et ses compagnons de voyage sont \u00e0 Gor\u00e9e devant la porte du non-retour d&#8217;o\u00f9 sont partis les esclaves, on entend, en voix off, Diawara, dans un accent de pri\u00e8re proche du po\u00e8me, dire : &#8220;Gor\u00e9e, apprends nous \u00e0 dialoguer avec notre pass\u00e9, notre pr\u00e9sent et notre futur.\/ Gor\u00e9e, r\u00e9concilie l&#8217;Afrique avec sa Diaspora. Nos avenirs s&#8217;appartiennent.&#8221;<\/p>\n<p><strong> Des avenirs qui s&#8217;appartiennent <\/strong><\/p>\n<p>Cela n&#8217;est qu&#8217;un fragment de ce que Manthia Diawara avait \u00e0 dire, faites-le parler de Semb\u00e8ne Ousmane, le p\u00e8re du cin\u00e9ma africain, de Leiris, de Griaule et de Rouch, des cultures authentiques, si elles sont toujours en mouvement, il sera intarissable ! D&#8217;autres artistes, d&#8217;autres oeuvres seront au rendez-vous de Racines noires 2000 pr\u00eats \u00e0 \u00e9changer avec les uns et les autres.<\/p>\n","protected":false},"excerpt":{"rendered":"<p>Du 4 au 11 avril 2000, l&#8217;association Racines, pr\u00e9sid\u00e9e par Catherine Ruelle, propose, comme en 1998, au Forum des images (ex-Vid\u00e9oth\u00e8que de Paris) des rencontres autour de spectacles de cin\u00e9-contes, de projections de films africains et de la diaspora noire africaine-am\u00e9ricaine, cubaine, ha\u00eftienne, en pr\u00e9sence d&#8217;acteurs, de musiciens, de cin\u00e9astes, pr\u00eats \u00e0 \u00e9changer leurs r\u00e9flexions [&hellip;]<\/p>\n","protected":false},"author":1,"featured_media":0,"comment_status":"open","ping_status":"open","sticky":false,"template":"","format":"standard","meta":{"_themeisle_gutenberg_block_has_review":false,"footnotes":""},"categories":[141],"tags":[299],"class_list":["post-1894","post","type-post","status-publish","format-standard","hentry","category-archives-web","tag-cinema"],"_links":{"self":[{"href":"https:\/\/archives.regards.fr\/index.php?rest_route=\/wp\/v2\/posts\/1894","targetHints":{"allow":["GET"]}}],"collection":[{"href":"https:\/\/archives.regards.fr\/index.php?rest_route=\/wp\/v2\/posts"}],"about":[{"href":"https:\/\/archives.regards.fr\/index.php?rest_route=\/wp\/v2\/types\/post"}],"author":[{"embeddable":true,"href":"https:\/\/archives.regards.fr\/index.php?rest_route=\/wp\/v2\/users\/1"}],"replies":[{"embeddable":true,"href":"https:\/\/archives.regards.fr\/index.php?rest_route=%2Fwp%2Fv2%2Fcomments&post=1894"}],"version-history":[{"count":0,"href":"https:\/\/archives.regards.fr\/index.php?rest_route=\/wp\/v2\/posts\/1894\/revisions"}],"wp:attachment":[{"href":"https:\/\/archives.regards.fr\/index.php?rest_route=%2Fwp%2Fv2%2Fmedia&parent=1894"}],"wp:term":[{"taxonomy":"category","embeddable":true,"href":"https:\/\/archives.regards.fr\/index.php?rest_route=%2Fwp%2Fv2%2Fcategories&post=1894"},{"taxonomy":"post_tag","embeddable":true,"href":"https:\/\/archives.regards.fr\/index.php?rest_route=%2Fwp%2Fv2%2Ftags&post=1894"}],"curies":[{"name":"wp","href":"https:\/\/api.w.org\/{rel}","templated":true}]}}