{"id":1862,"date":"2000-03-01T00:00:00","date_gmt":"2000-02-29T23:00:00","guid":{"rendered":"https:\/\/wp.muchomaas.com\/memoire-liberalisme-et1862\/"},"modified":"2000-03-01T00:00:00","modified_gmt":"2000-02-29T23:00:00","slug":"memoire-liberalisme-et1862","status":"publish","type":"post","link":"https:\/\/archives.regards.fr\/?p=1862","title":{"rendered":"M\u00e9moire, lib\u00e9ralisme et alternatives"},"content":{"rendered":"<p>Toute l&#8217;Europe est interpell\u00e9e par un d\u00e9fi politique et \u00e9thique sans pr\u00e9c\u00e9dent. La constitution du nouveau pouvoir en Autriche ne peut que jouer en d\u00e9faveur de la d\u00e9mocratie, des valeurs et droits humains, des acquis sociaux, d&#8217;un certain niveau de civilisation. Le Pen, M\u00e9gret et d&#8217;autres forces d&#8217;extr\u00eame droite se r\u00e9jouissent d\u00e9j\u00e0 de ce nouveau point d&#8217;appui. Toutes les prises de position qui disent clairement que l&#8217; on ne peut en aucun cas composer avec l&#8217;extr\u00eame droite comptent. Mais les mesures anti-banalisation (encore faudrait-il les appliquer) ne suffisent pas.<\/p>\n<p>Cr\u00e9er une v\u00e9ritable dynamique multiforme de nature \u00e0 faire reculer les id\u00e9es et l&#8217;influence de l&#8217;extr\u00eame droite, \u00e0 isoler ceux qui pactisent avec elle devient d\u00e9sormais une n\u00e9cessit\u00e9 pour l&#8217;ensemble des peuples et citoyens en Europe.<\/p>\n<p>L&#8217;Autriche conna\u00eet aujourd&#8217;hui en m\u00eame temps une situation gravissime et un sursaut d\u00e9mocratique inattendu. Sera-t-il salutaire ? Une soci\u00e9t\u00e9 civile semble \u00e9merger, le d\u00e9bat politique se d\u00e9veloppe, les voies de r\u00e9sistances se cherchent certes difficilement entre banalisation et capitulation. L&#8217;\u00d6GB (la centrale syndicale) se mobilise face au programme, v\u00e9ritable d\u00e9claration de guerre contre le mod\u00e8le social du gouvernement. Des jeunes, des intellectuels contestent \u00e0 ce gouvernement la l\u00e9gitimit\u00e9 morale de les repr\u00e9senter.<\/p>\n<p>Des convergences in\u00e9dites apparaissent lorsque manifestent ensemble des jeunes pour l&#8217;essentiel inorganis\u00e9s, des organisations de gauche et associations de d\u00e9fense des droits de l&#8217;Homme, des intellectuels, des syndicalistes, avec des d\u00e9l\u00e9gations venues de plusieurs pays europ\u00e9ens.<\/p>\n<p>Si les Fran\u00e7ais sont particuli\u00e8rement mobilis\u00e9s, c&#8217;est sans doute \u00e0 rapprocher de l&#8217;exp\u00e9rience acquise dans les combats contre Le Pen et les alliances tent\u00e9es ou r\u00e9alis\u00e9es dans les r\u00e9gions. L&#8217;exp\u00e9rience autrichienne n\u00e9cessite un examen approfondi. Il faudra mettre en garde contre toute banalisation de la progression et de l&#8217;accession au pouvoir de l&#8217;extr\u00eame droite avec le concours des conservateurs, mais aussi \u00e9viter toute vision caricaturale ou exotique des r\u00e9alit\u00e9s de ce pays. Il faudra analyser (1) le ph\u00e9nom\u00e8ne Haider dans sa complexit\u00e9 et en m\u00eame temps s&#8217;engager sans tergiverser pour le combattre. Il s&#8217;agit l\u00e0 d&#8217;un devoir d&#8217;action et de solidarit\u00e9 en faveur d&#8217;une Europe d\u00e9mocratique, ouverte et fraternelle. <strong> E.G. <\/strong><\/p>\n<p>* Elisabeth Gauthier est enseignante autrichienne, membre du comit\u00e9 national du PCF.<\/p>\n<p>1.<em> Regards <\/em> du mois d&#8217;avril (n\u00b0 56) publiera un dossier sur les extr\u00eames droites en Europe.<\/p>\n","protected":false},"excerpt":{"rendered":"<p>Toute l&#8217;Europe est interpell\u00e9e par un d\u00e9fi politique et \u00e9thique sans pr\u00e9c\u00e9dent. La constitution du nouveau pouvoir en Autriche ne peut que jouer en d\u00e9faveur de la d\u00e9mocratie, des valeurs et droits humains, des acquis sociaux, d&#8217;un certain niveau de civilisation. Le Pen, M\u00e9gret et d&#8217;autres forces d&#8217;extr\u00eame droite se r\u00e9jouissent d\u00e9j\u00e0 de ce nouveau [&hellip;]<\/p>\n","protected":false},"author":1,"featured_media":0,"comment_status":"open","ping_status":"open","sticky":false,"template":"","format":"standard","meta":{"_themeisle_gutenberg_block_has_review":false,"footnotes":""},"categories":[141],"tags":[305],"class_list":["post-1862","post","type-post","status-publish","format-standard","hentry","category-archives-web","tag-droites"],"_links":{"self":[{"href":"https:\/\/archives.regards.fr\/index.php?rest_route=\/wp\/v2\/posts\/1862","targetHints":{"allow":["GET"]}}],"collection":[{"href":"https:\/\/archives.regards.fr\/index.php?rest_route=\/wp\/v2\/posts"}],"about":[{"href":"https:\/\/archives.regards.fr\/index.php?rest_route=\/wp\/v2\/types\/post"}],"author":[{"embeddable":true,"href":"https:\/\/archives.regards.fr\/index.php?rest_route=\/wp\/v2\/users\/1"}],"replies":[{"embeddable":true,"href":"https:\/\/archives.regards.fr\/index.php?rest_route=%2Fwp%2Fv2%2Fcomments&post=1862"}],"version-history":[{"count":0,"href":"https:\/\/archives.regards.fr\/index.php?rest_route=\/wp\/v2\/posts\/1862\/revisions"}],"wp:attachment":[{"href":"https:\/\/archives.regards.fr\/index.php?rest_route=%2Fwp%2Fv2%2Fmedia&parent=1862"}],"wp:term":[{"taxonomy":"category","embeddable":true,"href":"https:\/\/archives.regards.fr\/index.php?rest_route=%2Fwp%2Fv2%2Fcategories&post=1862"},{"taxonomy":"post_tag","embeddable":true,"href":"https:\/\/archives.regards.fr\/index.php?rest_route=%2Fwp%2Fv2%2Ftags&post=1862"}],"curies":[{"name":"wp","href":"https:\/\/api.w.org\/{rel}","templated":true}]}}